{"id":11729,"date":"2026-04-28T08:32:54","date_gmt":"2026-04-28T13:32:54","guid":{"rendered":"https:\/\/www.munichilca.gob.pe\/site\/?p=11729"},"modified":"2026-04-28T08:32:54","modified_gmt":"2026-04-28T13:32:54","slug":"cesar-damas-inicia-otra-obra-de-saneamiento-en-chilca","status":"publish","type":"post","link":"https:\/\/www.munichilca.gob.pe\/site\/2026\/04\/28\/cesar-damas-inicia-otra-obra-de-saneamiento-en-chilca\/","title":{"rendered":"C\u00c9SAR DAMAS INICIA OTRA OBRA DE SANEAMIENTO EN CHILCA"},"content":{"rendered":"<p><em>Municipalidad inicia trabajos con conexiones domiciliarias y proyecta nuevas mejoras en pistas y veredas<\/em><\/p>\n<p>Con alegr\u00eda y expectativa, los vecinos del barrio San Francisco, en Chilca Centro, participaron en el inicio de una nueva obra de agua y desag\u00fce que busca mejorar sus condiciones de vida despu\u00e9s de a\u00f1os de espera.<\/p>\n<p>El proyecto, ejecutado por la Municipalidad Distrital de Chilca, incluye la instalaci\u00f3n de redes y conexiones domiciliarias en los pasajes Geranios, Gladiolos, V\u00edctor Mendoza y Claveles, beneficiando directamente a decenas de familias del sector.<\/p>\n<p>Durante la colocaci\u00f3n de la primera piedra, el alcalde C\u00e9sar Damas, acompa\u00f1ado de regidores y funcionarios, fue recibido c\u00e1lidamente por los vecinos, quienes no solo agradecieron el inicio de la obra, sino que tambi\u00e9n aprovecharon para pedir que se contin\u00fae con la construcci\u00f3n de pistas y veredas.<\/p>\n<p>Ante este pedido, el alcalde se\u00f1al\u00f3 que ya se viene trabajando en el expediente t\u00e9cnico para hacer realidad estas mejoras, resaltando que el apoyo y la participaci\u00f3n de los vecinos ser\u00e1n fundamentales para lograrlo. Adem\u00e1s, anunci\u00f3 que en la zona ya se est\u00e1n iniciando trabajos de recapeo que cubrir\u00e1n m\u00e1s de 50 cuadras.<\/p>\n<p>Por su parte, el presidente del comit\u00e9 de gesti\u00f3n, Sergio Ram\u00edrez, expres\u00f3 su agradecimiento, destacando que esta obra representa un avance importante para el barrio y responde a una necesidad que por mucho tiempo no fue atendida.<\/p>\n<p>En su intervenci\u00f3n, el alcalde tambi\u00e9n mencion\u00f3 que su gesti\u00f3n busca dejar bases s\u00f3lidas en obras y proyectos, con la expectativa de que las pr\u00f3ximas autoridades contin\u00faen trabajando en beneficio de la poblaci\u00f3n.<\/p>\n<p><a href=\"https:\/\/www.munichilca.gob.pe\/site\/wp-content\/uploads\/2026\/04\/WhatsApp-Image-2026-04-28-at-8.31.43-AM.jpeg\"><img loading=\"lazy\" class=\"aligncenter size-medium wp-image-11732\" src=\"https:\/\/www.munichilca.gob.pe\/site\/wp-content\/uploads\/2026\/04\/WhatsApp-Image-2026-04-28-at-8.31.43-AM-640x426.jpeg\" alt=\"\" width=\"640\" height=\"426\" srcset=\"https:\/\/www.munichilca.gob.pe\/site\/wp-content\/uploads\/2026\/04\/WhatsApp-Image-2026-04-28-at-8.31.43-AM-640x426.jpeg 640w, https:\/\/www.munichilca.gob.pe\/site\/wp-content\/uploads\/2026\/04\/WhatsApp-Image-2026-04-28-at-8.31.43-AM-1280x853.jpeg 1280w, https:\/\/www.munichilca.gob.pe\/site\/wp-content\/uploads\/2026\/04\/WhatsApp-Image-2026-04-28-at-8.31.43-AM-768x512.jpeg 768w, https:\/\/www.munichilca.gob.pe\/site\/wp-content\/uploads\/2026\/04\/WhatsApp-Image-2026-04-28-at-8.31.43-AM-1536x1023.jpeg 1536w, https:\/\/www.munichilca.gob.pe\/site\/wp-content\/uploads\/2026\/04\/WhatsApp-Image-2026-04-28-at-8.31.43-AM-320x213.jpeg 320w, https:\/\/www.munichilca.gob.pe\/site\/wp-content\/uploads\/2026\/04\/WhatsApp-Image-2026-04-28-at-8.31.43-AM.jpeg 1600w\" sizes=\"(max-width: 640px) 100vw, 640px\" \/><\/a> <a href=\"https:\/\/www.munichilca.gob.pe\/site\/wp-content\/uploads\/2026\/04\/WhatsApp-Image-2026-04-28-at-8.31.43-AM-1.jpeg\"><img loading=\"lazy\" class=\"aligncenter size-medium wp-image-11731\" src=\"https:\/\/www.munichilca.gob.pe\/site\/wp-content\/uploads\/2026\/04\/WhatsApp-Image-2026-04-28-at-8.31.43-AM-1-640x426.jpeg\" alt=\"\" width=\"640\" height=\"426\" srcset=\"https:\/\/www.munichilca.gob.pe\/site\/wp-content\/uploads\/2026\/04\/WhatsApp-Image-2026-04-28-at-8.31.43-AM-1-640x426.jpeg 640w, https:\/\/www.munichilca.gob.pe\/site\/wp-content\/uploads\/2026\/04\/WhatsApp-Image-2026-04-28-at-8.31.43-AM-1-1280x853.jpeg 1280w, https:\/\/www.munichilca.gob.pe\/site\/wp-content\/uploads\/2026\/04\/WhatsApp-Image-2026-04-28-at-8.31.43-AM-1-768x512.jpeg 768w, https:\/\/www.munichilca.gob.pe\/site\/wp-content\/uploads\/2026\/04\/WhatsApp-Image-2026-04-28-at-8.31.43-AM-1-1536x1023.jpeg 1536w, https:\/\/www.munichilca.gob.pe\/site\/wp-content\/uploads\/2026\/04\/WhatsApp-Image-2026-04-28-at-8.31.43-AM-1-320x213.jpeg 320w, https:\/\/www.munichilca.gob.pe\/site\/wp-content\/uploads\/2026\/04\/WhatsApp-Image-2026-04-28-at-8.31.43-AM-1.jpeg 1600w\" sizes=\"(max-width: 640px) 100vw, 640px\" \/><\/a> <a href=\"https:\/\/www.munichilca.gob.pe\/site\/wp-content\/uploads\/2026\/04\/WhatsApp-Image-2026-04-28-at-8.31.43-AM-2.jpeg\"><img loading=\"lazy\" class=\"aligncenter size-medium wp-image-11730\" src=\"https:\/\/www.munichilca.gob.pe\/site\/wp-content\/uploads\/2026\/04\/WhatsApp-Image-2026-04-28-at-8.31.43-AM-2-640x426.jpeg\" alt=\"\" width=\"640\" height=\"426\" srcset=\"https:\/\/www.munichilca.gob.pe\/site\/wp-content\/uploads\/2026\/04\/WhatsApp-Image-2026-04-28-at-8.31.43-AM-2-640x426.jpeg 640w, https:\/\/www.munichilca.gob.pe\/site\/wp-content\/uploads\/2026\/04\/WhatsApp-Image-2026-04-28-at-8.31.43-AM-2-1280x853.jpeg 1280w, https:\/\/www.munichilca.gob.pe\/site\/wp-content\/uploads\/2026\/04\/WhatsApp-Image-2026-04-28-at-8.31.43-AM-2-768x512.jpeg 768w, https:\/\/www.munichilca.gob.pe\/site\/wp-content\/uploads\/2026\/04\/WhatsApp-Image-2026-04-28-at-8.31.43-AM-2-1536x1023.jpeg 1536w, https:\/\/www.munichilca.gob.pe\/site\/wp-content\/uploads\/2026\/04\/WhatsApp-Image-2026-04-28-at-8.31.43-AM-2-320x213.jpeg 320w, https:\/\/www.munichilca.gob.pe\/site\/wp-content\/uploads\/2026\/04\/WhatsApp-Image-2026-04-28-at-8.31.43-AM-2.jpeg 1600w\" sizes=\"(max-width: 640px) 100vw, 640px\" \/><\/a><\/p>\n","protected":false},"excerpt":{"rendered":"<p>Municipalidad inicia trabajos con conexiones domiciliarias y proyecta nuevas mejoras en pistas y veredas Con alegr\u00eda y expectativa, los vecinos del barrio San Francisco, en Chilca Centro, participaron en el inicio de una nueva obra de agua y desag\u00fce que busca mejorar sus condiciones de vida despu\u00e9s de a\u00f1os de espera. El proyecto, ejecutado por&#8230;<\/p>\n","protected":false},"author":5,"featured_media":0,"comment_status":"open","ping_status":"open","sticky":false,"template":"","format":"standard","meta":[],"categories":[80],"tags":[],"_links":{"self":[{"href":"https:\/\/www.munichilca.gob.pe\/site\/wp-json\/wp\/v2\/posts\/11729"}],"collection":[{"href":"https:\/\/www.munichilca.gob.pe\/site\/wp-json\/wp\/v2\/posts"}],"about":[{"href":"https:\/\/www.munichilca.gob.pe\/site\/wp-json\/wp\/v2\/types\/post"}],"author":[{"embeddable":true,"href":"https:\/\/www.munichilca.gob.pe\/site\/wp-json\/wp\/v2\/users\/5"}],"replies":[{"embeddable":true,"href":"https:\/\/www.munichilca.gob.pe\/site\/wp-json\/wp\/v2\/comments?post=11729"}],"version-history":[{"count":1,"href":"https:\/\/www.munichilca.gob.pe\/site\/wp-json\/wp\/v2\/posts\/11729\/revisions"}],"predecessor-version":[{"id":11733,"href":"https:\/\/www.munichilca.gob.pe\/site\/wp-json\/wp\/v2\/posts\/11729\/revisions\/11733"}],"wp:attachment":[{"href":"https:\/\/www.munichilca.gob.pe\/site\/wp-json\/wp\/v2\/media?parent=11729"}],"wp:term":[{"taxonomy":"category","embeddable":true,"href":"https:\/\/www.munichilca.gob.pe\/site\/wp-json\/wp\/v2\/categories?post=11729"},{"taxonomy":"post_tag","embeddable":true,"href":"https:\/\/www.munichilca.gob.pe\/site\/wp-json\/wp\/v2\/tags?post=11729"}],"curies":[{"name":"wp","href":"https:\/\/api.w.org\/{rel}","templated":true}]}}