{"id":6864,"date":"2023-08-21T10:56:17","date_gmt":"2023-08-21T15:56:17","guid":{"rendered":"https:\/\/www.munichilca.gob.pe\/site\/?p=6864"},"modified":"2023-08-21T10:56:33","modified_gmt":"2023-08-21T15:56:33","slug":"%f0%9d%97%9f%f0%9d%97%a2%f0%9d%97%a6-%f0%9d%97%96%f0%9d%97%94%f0%9d%97%a0%f0%9d%97%a3%f0%9d%97%98%f0%9d%97%a2%f0%9d%97%a1%f0%9d%97%98%f0%9d%97%a6-%f0%9d%97%98%f0%9d%97%a1-%f0%9d%97%a0%f0%9d%97%94","status":"publish","type":"post","link":"https:\/\/www.munichilca.gob.pe\/site\/2023\/08\/21\/%f0%9d%97%9f%f0%9d%97%a2%f0%9d%97%a6-%f0%9d%97%96%f0%9d%97%94%f0%9d%97%a0%f0%9d%97%a3%f0%9d%97%98%f0%9d%97%a2%f0%9d%97%a1%f0%9d%97%98%f0%9d%97%a6-%f0%9d%97%98%f0%9d%97%a1-%f0%9d%97%a0%f0%9d%97%94\/","title":{"rendered":"\ud835\udddf\ud835\udde2\ud835\udde6 \ud835\uddd6\ud835\uddd4\ud835\udde0\ud835\udde3\ud835\uddd8\ud835\udde2\ud835\udde1\ud835\uddd8\ud835\udde6 \ud835\uddd8\ud835\udde1 \ud835\udde0\ud835\uddd4\ud835\udde7\ud835\uddd8\ud835\udde0\u00c1\ud835\udde7\ud835\udddc\ud835\uddd6\ud835\uddd4 \ud835\uddec\ud835\uddd4 \ud835\udddc\ud835\udde1\ud835\udddc\ud835\uddd6\ud835\udddc\ud835\uddd4\ud835\udde5\ud835\udde2\ud835\udde1 \ud835\udde6\ud835\udde8 \ud835\udde9\ud835\udddc\ud835\uddd4\ud835\udddd\ud835\uddd8 \ud835\uddd4 \ud835\udde3\ud835\udde2\ud835\udddf\ud835\udde2\ud835\udde1\ud835\udddc\ud835\uddd4"},"content":{"rendered":"<p>\ud835\ude40\ud835\ude68\ud835\ude58\ud835\ude64\ud835\ude61\ud835\ude56\ud835\ude67\ud835\ude5a\ud835\ude68 \ud835\ude66\ud835\ude6a\ud835\ude5a \ud835\ude67\ud835\ude5a\ud835\ude65\ud835\ude67\ud835\ude5a\ud835\ude68\ud835\ude5a\ud835\ude63\ud835\ude69\ud835\ude56\ud835\ude63 \ud835\ude56\ud835\ude61 \ud835\ude4b\ud835\ude5a\ud835\ude67\ud835\ude6a\u0301 \ud835\ude6e\ud835\ude56 \ud835\ude68\ud835\ude5a \ud835\ude5a\ud835\ude63\ud835\ude58\ud835\ude6a\ud835\ude5a\ud835\ude63\ud835\ude69\ud835\ude67\ud835\ude56\ud835\ude63 \ud835\ude67\ud835\ude6a\ud835\ude62\ud835\ude57\ud835\ude64 \ud835\ude56\ud835\ude61 \ud835\ude6b\ud835\ude5e\ud835\ude5a\ud835\ude5f\ud835\ude64 \ud835\ude58\ud835\ude64\ud835\ude63\ud835\ude69\ud835\ude5e\ud835\ude63\ud835\ude5a\ud835\ude63\ud835\ude69\ud835\ude5a.<\/p>\n<p>Daniel Barrientos, V\u00edctor de La Cruz y Mateo S\u00e1nchez, nuestros j\u00f3venes campeones, ya se encuentran rumbo a Polonia quienes competir\u00e1n con los mejores exponentes de las matem\u00e1ticas a nivel mundial en el 37\u00ba campeonato internacional de juegos matem\u00e1ticos y l\u00f3gicos 2023, que se desarrollar\u00e1 del 19 al 26 de agosto de 2023, con sede en la ciudad de Breslavia, en el pa\u00eds de Polonia, competencia que es organizada por la Federaci\u00f3n Francesa de Juegos Matem\u00e1ticos (FFJM) junto con la Federaci\u00f3n Suiza de Juegos Matem\u00e1ticos (FSJM) y unos 15 pa\u00edses m\u00e1s est\u00e1n a cargo de la organizaci\u00f3n de este campeonato internacional.<\/p>\n<p>Como ya es de conocimiento, los destacados estudiantes son del nivel primaria y secundaria, quienes participaron en diferentes fases llegando a clasificar a la etapa final. Este a\u00f1o, Per\u00fa participar\u00e1, por primera vez, en este campeonato internacional; donde gracias al apoyo de sus instituciones educativas, familiares y poblaci\u00f3n en general, a esto sumados los esfuerzos realizados por la Municipalidad Distrital de Chilca, mediante la colectat\u00f3n donde se logr\u00f3 recaudar m\u00e1s de 11 mil soles, nuestros campeones lograron reunir el costo total para sus pasajes y estad\u00eda en el viejo continente.<\/p>\n<p>\u201cQuisiera extender mis felicitaciones a sus padres y profesores. Hoy, al tener el honor de mencionar que j\u00f3venes chilquenses se suman al grupo de estudiantes quienes representar\u00e1n a nuestro pa\u00eds, es evidente su tenacidad y dedicaci\u00f3n, las medallas pueden ser una forma de reconocer sus logros, pero lo m\u00e1s importante es esa pasi\u00f3n interna que los distingue y que, con sus conocimientos, contribuyen a mejorar el mundo, auguro el mejor de los \u00e9xitos a nuestros campeones, quienes desarrollar\u00e1n ejercicios de alto nivel de creatividad y razonamiento l\u00f3gico; aseguro que est\u00e1n bien preparados para dejar en alto al Per\u00fa\u201d, afirm\u00f3 el burgomaestre C\u00e9sar Damas.<\/p>\n","protected":false},"excerpt":{"rendered":"<p>\ud835\ude40\ud835\ude68\ud835\ude58\ud835\ude64\ud835\ude61\ud835\ude56\ud835\ude67\ud835\ude5a\ud835\ude68 \ud835\ude66\ud835\ude6a\ud835\ude5a \ud835\ude67\ud835\ude5a\ud835\ude65\ud835\ude67\ud835\ude5a\ud835\ude68\ud835\ude5a\ud835\ude63\ud835\ude69\ud835\ude56\ud835\ude63 \ud835\ude56\ud835\ude61 \ud835\ude4b\ud835\ude5a\ud835\ude67\ud835\ude6a\u0301 \ud835\ude6e\ud835\ude56 \ud835\ude68\ud835\ude5a \ud835\ude5a\ud835\ude63\ud835\ude58\ud835\ude6a\ud835\ude5a\ud835\ude63\ud835\ude69\ud835\ude67\ud835\ude56\ud835\ude63 \ud835\ude67\ud835\ude6a\ud835\ude62\ud835\ude57\ud835\ude64 \ud835\ude56\ud835\ude61 \ud835\ude6b\ud835\ude5e\ud835\ude5a\ud835\ude5f\ud835\ude64 \ud835\ude58\ud835\ude64\ud835\ude63\ud835\ude69\ud835\ude5e\ud835\ude63\ud835\ude5a\ud835\ude63\ud835\ude69\ud835\ude5a. Daniel Barrientos, V\u00edctor de La Cruz y Mateo S\u00e1nchez, nuestros j\u00f3venes campeones, ya se encuentran rumbo a Polonia quienes competir\u00e1n con los mejores exponentes de las matem\u00e1ticas a nivel mundial en el 37\u00ba campeonato internacional de juegos matem\u00e1ticos y l\u00f3gicos 2023, que se&#8230;<\/p>\n","protected":false},"author":5,"featured_media":0,"comment_status":"closed","ping_status":"closed","sticky":false,"template":"","format":"image","meta":[],"categories":[80],"tags":[],"_links":{"self":[{"href":"https:\/\/www.munichilca.gob.pe\/site\/wp-json\/wp\/v2\/posts\/6864"}],"collection":[{"href":"https:\/\/www.munichilca.gob.pe\/site\/wp-json\/wp\/v2\/posts"}],"about":[{"href":"https:\/\/www.munichilca.gob.pe\/site\/wp-json\/wp\/v2\/types\/post"}],"author":[{"embeddable":true,"href":"https:\/\/www.munichilca.gob.pe\/site\/wp-json\/wp\/v2\/users\/5"}],"replies":[{"embeddable":true,"href":"https:\/\/www.munichilca.gob.pe\/site\/wp-json\/wp\/v2\/comments?post=6864"}],"version-history":[{"count":1,"href":"https:\/\/www.munichilca.gob.pe\/site\/wp-json\/wp\/v2\/posts\/6864\/revisions"}],"predecessor-version":[{"id":6869,"href":"https:\/\/www.munichilca.gob.pe\/site\/wp-json\/wp\/v2\/posts\/6864\/revisions\/6869"}],"wp:attachment":[{"href":"https:\/\/www.munichilca.gob.pe\/site\/wp-json\/wp\/v2\/media?parent=6864"}],"wp:term":[{"taxonomy":"category","embeddable":true,"href":"https:\/\/www.munichilca.gob.pe\/site\/wp-json\/wp\/v2\/categories?post=6864"},{"taxonomy":"post_tag","embeddable":true,"href":"https:\/\/www.munichilca.gob.pe\/site\/wp-json\/wp\/v2\/tags?post=6864"}],"curies":[{"name":"wp","href":"https:\/\/api.w.org\/{rel}","templated":true}]}}