{"id":6872,"date":"2023-08-22T10:33:08","date_gmt":"2023-08-22T15:33:08","guid":{"rendered":"https:\/\/www.munichilca.gob.pe\/site\/?p=6872"},"modified":"2023-08-22T10:55:25","modified_gmt":"2023-08-22T15:55:25","slug":"%f0%9d%97%96%f0%9d%97%94%f0%9d%97%9f%f0%9d%97%9c%f0%9d%97%97%f0%9d%97%94%f0%9d%97%97-%f0%9d%97%97%f0%9d%97%98-%f0%9d%97%a9%f0%9d%97%9c%f0%9d%97%97%f0%9d%97%94","status":"publish","type":"post","link":"https:\/\/www.munichilca.gob.pe\/site\/2023\/08\/22\/%f0%9d%97%96%f0%9d%97%94%f0%9d%97%9f%f0%9d%97%9c%f0%9d%97%97%f0%9d%97%94%f0%9d%97%97-%f0%9d%97%97%f0%9d%97%98-%f0%9d%97%a9%f0%9d%97%9c%f0%9d%97%97%f0%9d%97%94\/","title":{"rendered":"\ud835\uddd6\ud835\uddd4\ud835\udddf\ud835\udddc\ud835\uddd7\ud835\uddd4\ud835\uddd7 \ud835\uddd7\ud835\uddd8 \ud835\udde9\ud835\udddc\ud835\uddd7\ud835\uddd4 \ud835\uddd8\ud835\udde1 \ud835\udde7\ud835\udde8 \ud835\uddd5\ud835\uddd4\ud835\udde5\ud835\udde5\ud835\udddc\ud835\udde2, \ud835\udde6\ud835\uddd8 \ud835\uddd7\ud835\udddc\ud835\udde5\ud835\udddc\ud835\uddda\ud835\uddd8 \ud835\uddd4\ud835\udddf \ud835\udde6\ud835\uddd8\ud835\uddd6\ud835\udde7\ud835\udde2\ud835\udde5 \ud835\uddd7\ud835\uddd8 \ud835\uddd4\ud835\udded\ud835\uddd4\ud835\udde3\ud835\uddd4\ud835\udde0\ud835\udde3\ud835\uddd4"},"content":{"rendered":"<p>\ud835\ude3e\ud835\ude64\ud835\ude63 \ud835\ude68\ud835\ude5a\ud835\ude67\ud835\ude6b\ud835\ude5e\ud835\ude58\ud835\ude5e\ud835\ude64\ud835\ude68 \ud835\ude62\ud835\ude6a\ud835\ude63\ud835\ude5e\ud835\ude58\ud835\ude5e\ud835\ude65\ud835\ude56\ud835\ude61\ud835\ude5a\ud835\ude68, \ud835\ude6e \ud835\ude64\ud835\ude69\ud835\ude67\ud835\ude56\ud835\ude68 \ud835\ude56\ud835\ude69\ud835\ude5a\ud835\ude63\ud835\ude58\ud835\ude5e\ud835\ude64\ud835\ude63\ud835\ude5a\ud835\ude68 \ud835\ude59\ud835\ude5a \ud835\ude68\ud835\ude56\ud835\ude61\ud835\ude6a\ud835\ude59 \ud835\ude6e \ud835\ude57\ud835\ude5a\ud835\ude61\ud835\ude61\ud835\ude5a\ud835\ude6f\ud835\ude56, \ud835\ude58\ud835\ude64\ud835\ude62\ud835\ude6a\ud835\ude63\ud835\ude56 \ud835\ude59\ud835\ude5a \ud835\ude3e\ud835\ude5d\ud835\ude5e\ud835\ude61\ud835\ude58\ud835\ude56 \ud835\ude58\ud835\ude64\ud835\ude63\ud835\ude69\ud835\ude5e\ud835\ude63\ud835\ude6a\ud835\ude56 \ud835\ude58\ud835\ude64\ud835\ude63 \ud835\ude65\ud835\ude67\ud835\ude64\ud835\ude5c\ud835\ude67\ud835\ude56\ud835\ude62\ud835\ude56 \ud835\ude62\ud835\ude6a\ud835\ude63\ud835\ude5e\ud835\ude58\ud835\ude5e\ud835\ude65\ud835\ude56\ud835\ude61.<\/p>\n<p>Ante la gran aceptaci\u00f3n de la poblaci\u00f3n, la municipalidad distrital de Chilca, contin\u00faa trasladando los servicios de atenci\u00f3n hasta los diferentes barrios con el programa municipal \u201cCalidad de vida en tu barrio\u201d, y este s\u00e1bado 26 se instalar\u00e1n en el \u00f3valo de Azapampa a partir de las 9 de la ma\u00f1ana.<\/p>\n<p>Los servicios que brindar\u00e1n ser\u00e1n, pago de tributos, actualizaci\u00f3n de datos para beneficios de los programas sociales, atenci\u00f3n m\u00e9dica general gratuita, odontol\u00f3gica, oftalmol\u00f3gica, obst\u00e9trica, descarte de VIH y S\u00edfilis, desparasitaci\u00f3n de canes, otorgamientos de licencias de funcionamiento de establecimientos y de construcci\u00f3n, orientaciones nutricionales, violencia familiar, regalo de plantas, consultas en asesor\u00eda legal, entre otros.<\/p>\n<p>La primera autoridad edil, C\u00e9sar Damas, comprometido con la poblaci\u00f3n, sigue impulsando estos servicios, donde el objetivo es tener contacto permanente con la poblaci\u00f3n del lugar y fortalecer los lazos con la comunidad, donde en un trabajo conjunto con las juntas vecinales y todas las \u00e1reas del municipio se seguir\u00e1 desarrollando a lo largo del a\u00f1o. \u201cEl objetivo es promover un municipio inclusivo, participativo y cercano a la poblaci\u00f3n, con atenci\u00f3n de servicios que permite a la ciudadan\u00eda beneficiarse con la posibilidad de acceder a informaci\u00f3n, realizar consultas y todo tipo de tr\u00e1mite municipal, de manera \u00e1gil, r\u00e1pida, y oportuna en la comodidad de su barrio\u201d, indic\u00f3 el burgomaestre.<\/p>\n<p>Entre las actividades a realizar estar\u00e1n el lanzamiento del programa \u201cOllitas con Agua\u201d, donde la empresa de aguas minerales \u201cEl Rey\u201d donar\u00e1 bidones de agua a las ollas comunes, corte de cabello gratuito a cargo de la Escuela de Barber\u00eda \u201cBarber King\u201d, y presentaci\u00f3n de artistas de la escuela del folklore, acompa\u00f1ados con la venta de comida t\u00edpica, entre otros.<\/p>\n<p>Cabe se\u00f1alar que las siguientes ediciones de este programa municipal \u201cCalidad de Vida en tu Barrio\u201d, est\u00e1n programados para los siguientes s\u00e1bados, 9 de setiembre, 7 de octubre, 11 de noviembre y 2 de diciembre, que se desarrollaran en espacios p\u00fablicos de otros puntos del distrito.<\/p>\n","protected":false},"excerpt":{"rendered":"<p>\ud835\ude3e\ud835\ude64\ud835\ude63 \ud835\ude68\ud835\ude5a\ud835\ude67\ud835\ude6b\ud835\ude5e\ud835\ude58\ud835\ude5e\ud835\ude64\ud835\ude68 \ud835\ude62\ud835\ude6a\ud835\ude63\ud835\ude5e\ud835\ude58\ud835\ude5e\ud835\ude65\ud835\ude56\ud835\ude61\ud835\ude5a\ud835\ude68, \ud835\ude6e \ud835\ude64\ud835\ude69\ud835\ude67\ud835\ude56\ud835\ude68 \ud835\ude56\ud835\ude69\ud835\ude5a\ud835\ude63\ud835\ude58\ud835\ude5e\ud835\ude64\ud835\ude63\ud835\ude5a\ud835\ude68 \ud835\ude59\ud835\ude5a \ud835\ude68\ud835\ude56\ud835\ude61\ud835\ude6a\ud835\ude59 \ud835\ude6e \ud835\ude57\ud835\ude5a\ud835\ude61\ud835\ude61\ud835\ude5a\ud835\ude6f\ud835\ude56, \ud835\ude58\ud835\ude64\ud835\ude62\ud835\ude6a\ud835\ude63\ud835\ude56 \ud835\ude59\ud835\ude5a \ud835\ude3e\ud835\ude5d\ud835\ude5e\ud835\ude61\ud835\ude58\ud835\ude56 \ud835\ude58\ud835\ude64\ud835\ude63\ud835\ude69\ud835\ude5e\ud835\ude63\ud835\ude6a\ud835\ude56 \ud835\ude58\ud835\ude64\ud835\ude63 \ud835\ude65\ud835\ude67\ud835\ude64\ud835\ude5c\ud835\ude67\ud835\ude56\ud835\ude62\ud835\ude56 \ud835\ude62\ud835\ude6a\ud835\ude63\ud835\ude5e\ud835\ude58\ud835\ude5e\ud835\ude65\ud835\ude56\ud835\ude61. Ante la gran aceptaci\u00f3n de la poblaci\u00f3n, la municipalidad distrital de Chilca, contin\u00faa trasladando los servicios de atenci\u00f3n hasta los diferentes barrios con el programa municipal \u201cCalidad de vida en tu barrio\u201d, y este s\u00e1bado 26 se instalar\u00e1n&#8230;<\/p>\n","protected":false},"author":5,"featured_media":0,"comment_status":"closed","ping_status":"closed","sticky":false,"template":"","format":"image","meta":[],"categories":[80],"tags":[],"_links":{"self":[{"href":"https:\/\/www.munichilca.gob.pe\/site\/wp-json\/wp\/v2\/posts\/6872"}],"collection":[{"href":"https:\/\/www.munichilca.gob.pe\/site\/wp-json\/wp\/v2\/posts"}],"about":[{"href":"https:\/\/www.munichilca.gob.pe\/site\/wp-json\/wp\/v2\/types\/post"}],"author":[{"embeddable":true,"href":"https:\/\/www.munichilca.gob.pe\/site\/wp-json\/wp\/v2\/users\/5"}],"replies":[{"embeddable":true,"href":"https:\/\/www.munichilca.gob.pe\/site\/wp-json\/wp\/v2\/comments?post=6872"}],"version-history":[{"count":2,"href":"https:\/\/www.munichilca.gob.pe\/site\/wp-json\/wp\/v2\/posts\/6872\/revisions"}],"predecessor-version":[{"id":6897,"href":"https:\/\/www.munichilca.gob.pe\/site\/wp-json\/wp\/v2\/posts\/6872\/revisions\/6897"}],"wp:attachment":[{"href":"https:\/\/www.munichilca.gob.pe\/site\/wp-json\/wp\/v2\/media?parent=6872"}],"wp:term":[{"taxonomy":"category","embeddable":true,"href":"https:\/\/www.munichilca.gob.pe\/site\/wp-json\/wp\/v2\/categories?post=6872"},{"taxonomy":"post_tag","embeddable":true,"href":"https:\/\/www.munichilca.gob.pe\/site\/wp-json\/wp\/v2\/tags?post=6872"}],"curies":[{"name":"wp","href":"https:\/\/api.w.org\/{rel}","templated":true}]}}