{"id":6874,"date":"2023-08-22T10:36:13","date_gmt":"2023-08-22T15:36:13","guid":{"rendered":"https:\/\/www.munichilca.gob.pe\/site\/?p=6874"},"modified":"2023-08-22T12:18:45","modified_gmt":"2023-08-22T17:18:45","slug":"%f0%9d%97%98%f0%9d%97%a1-%f0%9d%97%96%f0%9d%97%9b%f0%9d%97%9c%f0%9d%97%9f%f0%9d%97%96%f0%9d%97%94-%f0%9d%97%96%f0%9d%97%a2%f0%9d%97%a1%f0%9d%97%a7%f0%9d%97%9c%f0%9d%97%a1%f0%9d%97%a8%f0%9d%97%94","status":"publish","type":"post","link":"https:\/\/www.munichilca.gob.pe\/site\/2023\/08\/22\/%f0%9d%97%98%f0%9d%97%a1-%f0%9d%97%96%f0%9d%97%9b%f0%9d%97%9c%f0%9d%97%9f%f0%9d%97%96%f0%9d%97%94-%f0%9d%97%96%f0%9d%97%a2%f0%9d%97%a1%f0%9d%97%a7%f0%9d%97%9c%f0%9d%97%a1%f0%9d%97%a8%f0%9d%97%94\/","title":{"rendered":"\ud835\uddd8\ud835\udde1 \ud835\uddd6\ud835\udddb\ud835\udddc\ud835\udddf\ud835\uddd6\ud835\uddd4 \ud835\uddd6\ud835\udde2\ud835\udde1\ud835\udde7\ud835\udddc\ud835\udde1\ud835\udde8\ud835\uddd4\ud835\udde1 \ud835\uddd6\ud835\udde2\ud835\udde1 \ud835\uddd6\ud835\uddd4\ud835\udde0\ud835\udde3\ud835\uddd4\u00d1\ud835\uddd4\ud835\udde6 \ud835\uddd7\ud835\uddd8 \ud835\udde7\ud835\udde5\ud835\uddd4\ud835\udde0\ud835\udddc\ud835\udde7\ud835\uddd8 \ud835\uddda\ud835\udde5\ud835\uddd4\ud835\udde7\ud835\udde8\ud835\udddc\ud835\udde7\ud835\udde2 \ud835\uddd7\ud835\uddd8\ud835\udddf \ud835\uddd7.\ud835\udde1.\ud835\udddc."},"content":{"rendered":"<p>\ud835\ude3e\ud835\ude64\ud835\ude63 \ud835\ude68\ud835\ude5a\u0301\ud835\ude65\ud835\ude69\ud835\ude5e\ud835\ude62\ud835\ude56 \ud835\ude58\ud835\ude56\ud835\ude62\ud835\ude65\ud835\ude56\ud835\ude63\u0303\ud835\ude56, \ud835\ude62\ud835\ude6a\ud835\ude63\ud835\ude5e\ud835\ude58\ud835\ude5e\ud835\ude65\ud835\ude5e\ud835\ude64 \ud835\ude6e \ud835\ude4d\ud835\ude40\ud835\ude49\ud835\ude44\ud835\ude40\ud835\ude3e, \ud835\ude57\ud835\ude6a\ud835\ude68\ud835\ude58\ud835\ude56\ud835\ude63 \ud835\ude57\ud835\ude5a\ud835\ude63\ud835\ude5a\ud835\ude5b\ud835\ude5e\ud835\ude58\ud835\ude5e\ud835\ude56\ud835\ude67 \ud835\ude56 \ud835\ude62\ud835\ude56\u0301\ud835\ude68 \ud835\ude65\ud835\ude64\ud835\ude57\ud835\ude61\ud835\ude56\ud835\ude59\ud835\ude64\ud835\ude67\ud835\ude5a\ud835\ude68 \ud835\ude58\ud835\ude64\ud835\ude63 \ud835\ude69\ud835\ude67\ud835\ude56\u0301\ud835\ude62\ud835\ude5e\ud835\ude69\ud835\ude5a\ud835\ude68 \ud835\ude6e \ud835\ude67\ud835\ude5a\ud835\ude5c\ud835\ude6a\ud835\ude61\ud835\ude56\ud835\ude67\ud835\ude5e\ud835\ude6f\ud835\ude56\ud835\ude58\ud835\ude5e\ud835\ude64\ud835\ude63\ud835\ude5a\ud835\ude68 \ud835\ude59\ud835\ude5a\ud835\ude61 \ud835\ude59\ud835\ude64\ud835\ude58\ud835\ude6a\ud835\ude62\ud835\ude5a\ud835\ude63\ud835\ude69\ud835\ude64 \ud835\ude59\ud835\ude5a \ud835\ude5e\ud835\ude59\ud835\ude5a\ud835\ude63\ud835\ude69\ud835\ude5e\ud835\ude59\ud835\ude56\ud835\ude59.<\/p>\n<p>La Municipalidad Distrital de Chilca, invita a todos moradores a participar de la s\u00e9ptima campa\u00f1a de tr\u00e1mite del Documento Nacional de Identidad, que se desarrollar\u00e1 este viernes 25 de agosto a partir de las 8:30 de la ma\u00f1ana, dirigido a personas mayores y menores de edad, quienes quieran realizar sus tr\u00e1mites de manera r\u00e1pida, eficaz y sin largas colas.<\/p>\n<p>La oficina de Registro Civil de la comuna y el Registro Nacional de Identificaci\u00f3n Nacional y Estado Civil (RENIEC), en esta campa\u00f1a prioriza los tr\u00e1mites del DNI para los menores de edad, sobre todo para los ni\u00f1os de 0 a 1 a\u00f1os y 11 meses, por tal motivo, recuerda a los padres y madres de todo el distrito, tramitar totalmente gratis el primer DNI de sus hijos, como parte de la primera fase de la campa\u00f1a \u201cIdentidad temprana\u201d.<\/p>\n<p>\u201cEs fundamental que todos los ni\u00f1os y ni\u00f1as cuenten con un DNI, ya que posibilita no solo su reconocimiento oficial sino tambi\u00e9n su protecci\u00f3n en diferentes situaciones. Asimismo, el DNI ser\u00e1 requerido en muchos tr\u00e1mites y gestiones administrativas a lo largo de su vida\u201d, puntualiz\u00f3 Samuel Ticllacuri, responsable de la oficina de Registro Civil de la comuna de Chilca.<\/p>\n<p>Para participar de esta campa\u00f1a, el padre o madre debe acudir a cualquier centro de atenci\u00f3n del RENIEC m\u00e1s cercano, entre los que se incluye oficinas registrales y los puntos de atenci\u00f3n en los principales centros hospitalarios del pa\u00eds.<\/p>\n<p>Es importante llevar consigo los documentos de identificaci\u00f3n de los padres, la copia certificada de partida de nacimiento del ni\u00f1o y un recibo de servicio p\u00fablico (luz y agua). Si en caso no se haya registrado el nacimiento del menor, este se podr\u00e1 tramitar en la misma agencia y en el mismo d\u00eda, para ello el progenitor debe portar el Certificado de Nacido Vivo.<\/p>\n<p>De esta manera, la Municipalidad de Chilca y el RENIEC, garantizan que los ni\u00f1os y ni\u00f1as tengan el derecho de tener un DNI desde los primeros a\u00f1os y as\u00ed tener acceso a beneficios del Estado y a programas sociales.<\/p>\n","protected":false},"excerpt":{"rendered":"<p>\ud835\ude3e\ud835\ude64\ud835\ude63 \ud835\ude68\ud835\ude5a\u0301\ud835\ude65\ud835\ude69\ud835\ude5e\ud835\ude62\ud835\ude56 \ud835\ude58\ud835\ude56\ud835\ude62\ud835\ude65\ud835\ude56\ud835\ude63\u0303\ud835\ude56, \ud835\ude62\ud835\ude6a\ud835\ude63\ud835\ude5e\ud835\ude58\ud835\ude5e\ud835\ude65\ud835\ude5e\ud835\ude64 \ud835\ude6e \ud835\ude4d\ud835\ude40\ud835\ude49\ud835\ude44\ud835\ude40\ud835\ude3e, \ud835\ude57\ud835\ude6a\ud835\ude68\ud835\ude58\ud835\ude56\ud835\ude63 \ud835\ude57\ud835\ude5a\ud835\ude63\ud835\ude5a\ud835\ude5b\ud835\ude5e\ud835\ude58\ud835\ude5e\ud835\ude56\ud835\ude67 \ud835\ude56 \ud835\ude62\ud835\ude56\u0301\ud835\ude68 \ud835\ude65\ud835\ude64\ud835\ude57\ud835\ude61\ud835\ude56\ud835\ude59\ud835\ude64\ud835\ude67\ud835\ude5a\ud835\ude68 \ud835\ude58\ud835\ude64\ud835\ude63 \ud835\ude69\ud835\ude67\ud835\ude56\u0301\ud835\ude62\ud835\ude5e\ud835\ude69\ud835\ude5a\ud835\ude68 \ud835\ude6e \ud835\ude67\ud835\ude5a\ud835\ude5c\ud835\ude6a\ud835\ude61\ud835\ude56\ud835\ude67\ud835\ude5e\ud835\ude6f\ud835\ude56\ud835\ude58\ud835\ude5e\ud835\ude64\ud835\ude63\ud835\ude5a\ud835\ude68 \ud835\ude59\ud835\ude5a\ud835\ude61 \ud835\ude59\ud835\ude64\ud835\ude58\ud835\ude6a\ud835\ude62\ud835\ude5a\ud835\ude63\ud835\ude69\ud835\ude64 \ud835\ude59\ud835\ude5a \ud835\ude5e\ud835\ude59\ud835\ude5a\ud835\ude63\ud835\ude69\ud835\ude5e\ud835\ude59\ud835\ude56\ud835\ude59. La Municipalidad Distrital de Chilca, invita a todos moradores a participar de la s\u00e9ptima campa\u00f1a de tr\u00e1mite del Documento Nacional de Identidad, que se desarrollar\u00e1 este viernes 25 de agosto a partir de las 8:30 de&#8230;<\/p>\n","protected":false},"author":5,"featured_media":0,"comment_status":"closed","ping_status":"closed","sticky":false,"template":"","format":"image","meta":[],"categories":[80],"tags":[],"_links":{"self":[{"href":"https:\/\/www.munichilca.gob.pe\/site\/wp-json\/wp\/v2\/posts\/6874"}],"collection":[{"href":"https:\/\/www.munichilca.gob.pe\/site\/wp-json\/wp\/v2\/posts"}],"about":[{"href":"https:\/\/www.munichilca.gob.pe\/site\/wp-json\/wp\/v2\/types\/post"}],"author":[{"embeddable":true,"href":"https:\/\/www.munichilca.gob.pe\/site\/wp-json\/wp\/v2\/users\/5"}],"replies":[{"embeddable":true,"href":"https:\/\/www.munichilca.gob.pe\/site\/wp-json\/wp\/v2\/comments?post=6874"}],"version-history":[{"count":2,"href":"https:\/\/www.munichilca.gob.pe\/site\/wp-json\/wp\/v2\/posts\/6874\/revisions"}],"predecessor-version":[{"id":6912,"href":"https:\/\/www.munichilca.gob.pe\/site\/wp-json\/wp\/v2\/posts\/6874\/revisions\/6912"}],"wp:attachment":[{"href":"https:\/\/www.munichilca.gob.pe\/site\/wp-json\/wp\/v2\/media?parent=6874"}],"wp:term":[{"taxonomy":"category","embeddable":true,"href":"https:\/\/www.munichilca.gob.pe\/site\/wp-json\/wp\/v2\/categories?post=6874"},{"taxonomy":"post_tag","embeddable":true,"href":"https:\/\/www.munichilca.gob.pe\/site\/wp-json\/wp\/v2\/tags?post=6874"}],"curies":[{"name":"wp","href":"https:\/\/api.w.org\/{rel}","templated":true}]}}