{"id":6902,"date":"2023-08-22T12:10:26","date_gmt":"2023-08-22T17:10:26","guid":{"rendered":"https:\/\/www.munichilca.gob.pe\/site\/?p=6902"},"modified":"2023-08-22T12:10:26","modified_gmt":"2023-08-22T17:10:26","slug":"%f0%9d%97%98%f0%9d%97%a1-%f0%9d%97%96%f0%9d%97%9b%f0%9d%97%9c%f0%9d%97%9f%f0%9d%97%96%f0%9d%97%94-%f0%9d%97%98%f0%9d%97%9d%f0%9d%97%98%f0%9d%97%96%f0%9d%97%a8%f0%9d%97%a7%f0%9d%97%94%f0%9d%97%a1","status":"publish","type":"post","link":"https:\/\/www.munichilca.gob.pe\/site\/2023\/08\/22\/%f0%9d%97%98%f0%9d%97%a1-%f0%9d%97%96%f0%9d%97%9b%f0%9d%97%9c%f0%9d%97%9f%f0%9d%97%96%f0%9d%97%94-%f0%9d%97%98%f0%9d%97%9d%f0%9d%97%98%f0%9d%97%96%f0%9d%97%a8%f0%9d%97%a7%f0%9d%97%94%f0%9d%97%a1\/","title":{"rendered":"\ud835\uddd8\ud835\udde1 \ud835\uddd6\ud835\udddb\ud835\udddc\ud835\udddf\ud835\uddd6\ud835\uddd4 \ud835\uddd8\ud835\udddd\ud835\uddd8\ud835\uddd6\ud835\udde8\ud835\udde7\ud835\uddd4\ud835\udde1 \ud835\udde3\ud835\udde5\ud835\udde2\ud835\uddec\ud835\uddd8\ud835\uddd6\ud835\udde7\ud835\udde2 \u275e\ud835\udde3\ud835\udde5\ud835\uddd8\ud835\udde9\ud835\uddd8\ud835\udde1\ud835\uddd6\ud835\udddc\u00d3\ud835\udde1 \ud835\uddec \ud835\udde7\ud835\udde5\ud835\uddd4\ud835\udde7\ud835\uddd4\ud835\udde0\ud835\udddc\ud835\uddd8\ud835\udde1\ud835\udde7\ud835\udde2 \ud835\uddd7\ud835\uddd8\ud835\udddf \ud835\uddd4\ud835\uddd7\ud835\udde2\ud835\udddf\ud835\uddd8\ud835\udde6\ud835\uddd6\ud835\uddd8\ud835\udde1\ud835\udde7\ud835\uddd8 \ud835\uddd8\ud835\udde1 \ud835\udddc\ud835\udde1\ud835\udde6\ud835\udde7\ud835\udddc\ud835\udde7\ud835\udde8\ud835\uddd6\ud835\udddc\ud835\udde2\ud835\udde1\ud835\uddd8\ud835\udde6 \ud835\uddd8\ud835\uddd7\ud835\udde8\ud835\uddd6\ud835\uddd4\ud835\udde7\ud835\udddc\ud835\udde9\ud835\uddd4\ud835\udde6\u275e"},"content":{"rendered":"<p>\ud835\ude3e\ud835\ude5d\ud835\ude56\ud835\ude67\ud835\ude61\ud835\ude56\ud835\ude68 \ud835\ude59\ud835\ude5a\ud835\ude61 \ud835\ude3e\ud835\ude4a\ud835\ude3f\ud835\ude44\ud835\ude4e\ud835\ude40\ud835\ude3e, \ud835\ude68\ud835\ude64\ud835\ude63 \ud835\ude59\ud835\ude5e\ud835\ude67\ud835\ude5e\ud835\ude5c\ud835\ude5e\ud835\ude59\ud835\ude56\ud835\ude68 \ud835\ude56 \ud835\ude5a\ud835\ude68\ud835\ude69\ud835\ude6a\ud835\ude59\ud835\ude5e\ud835\ude56\ud835\ude63\ud835\ude69\ud835\ude5a\ud835\ude68 \ud835\ude59\ud835\ude5a \ud835\ude61\ud835\ude56 \ud835\ude44.\ud835\ude40. \ud835\ude4b\ud835\ude64\ud835\ude61\ud835\ude5e\ud835\ude69\ud835\ude5a\u0301\ud835\ude58\ud835\ude63\ud835\ude5e\ud835\ude58\ud835\ude64 \ud835\ude4f\ud835\ude6a\u0301\ud835\ude65\ud835\ude56\ud835\ude58 \ud835\ude3c\ud835\ude62\ud835\ude56\ud835\ude67\ud835\ude6a<\/p>\n<p>Ante la problem\u00e1tica suscitado los \u00faltimos meses en la I.E. Polit\u00e9cnico T\u00fapac Amaru, los miembros del Comit\u00e9 Distrital de Seguridad Ciudadana (CODISEC), del distrito de Chilca, pusieron en ejecuci\u00f3n el plan \u201cPrevenci\u00f3n y tratamiento del adolescente en instituciones educativas\u201d, con el objetivo de contribuir a la prevenci\u00f3n del delito, seguridad ciudadana y generar una cultura de paz.<\/p>\n<p>Luego de realizar un estudio en la instituci\u00f3n educativa, el presidente del CODISEC, Ing. C\u00e9sar Damas Laurente, en conjunto de los representantes de los organismos como, la Junta de Fiscales Superiores de Jun\u00edn, Corte Superior de Justicia Jun\u00edn , Ugel, Polic\u00eda Nacional del Per\u00fa, Defensor\u00eda del Pueblo, Centro de Salud Comunitario, Pastoral Social Dignidad Humana, Estrategia Multisectorial Barrio Seguro, INPE, Micro Red Salud Chilca, Centro de Emergencia Mujer, Compa\u00f1\u00eda de Bomberos, Electrocentro, Sucamec, Migraciones, Junta Vecinales etc., realizaron el plan de trabajo para ejecutarlo.<\/p>\n<p>El proyecto se viene ejecutando de manera estrat\u00e9gica en los horarios de tutor\u00eda desde el primer grado al quinto grado de secundaria, con la coordinaci\u00f3n del director de la instituci\u00f3n educativa, asimismo durante este espacio, en un trabajo conjunto de los tutores, los miembros del CODISEC, realizan charlas y talleres que concienticen y sensibilicen a los adolescentes, y de esta manera no cometan conductas il\u00edcitas futuras revirtiendo su conducta an\u00f3mala.<\/p>\n<p>Los temas que iniciaron en el mes de agosto y culminar\u00e1n el mes de diciembre, son autoestima; habilidades, normas sociales y normas jur\u00eddicas; liderazgo y excelencia; adem\u00e1s de desarrollar el plan con los adolescentes, se trabajar\u00e1 con los padres de familia, todo ello con la intenci\u00f3n de desarrollar la capacidad asertiva y mejorar sus relaciones intrafamiliares.<\/p>\n<p>Finalmente, con esta intervenci\u00f3n oportuna, con educaci\u00f3n basado en valores, liderazgo, motivaci\u00f3n y sobre todo afecto y comprensi\u00f3n, podemos cambiar estas conductas disociales y an\u00f3malas que presentan los adolescentes y as\u00ed combatir y minimizar estos hechos de situaciones de riesgo.<\/p>\n","protected":false},"excerpt":{"rendered":"<p>\ud835\ude3e\ud835\ude5d\ud835\ude56\ud835\ude67\ud835\ude61\ud835\ude56\ud835\ude68 \ud835\ude59\ud835\ude5a\ud835\ude61 \ud835\ude3e\ud835\ude4a\ud835\ude3f\ud835\ude44\ud835\ude4e\ud835\ude40\ud835\ude3e, \ud835\ude68\ud835\ude64\ud835\ude63 \ud835\ude59\ud835\ude5e\ud835\ude67\ud835\ude5e\ud835\ude5c\ud835\ude5e\ud835\ude59\ud835\ude56\ud835\ude68 \ud835\ude56 \ud835\ude5a\ud835\ude68\ud835\ude69\ud835\ude6a\ud835\ude59\ud835\ude5e\ud835\ude56\ud835\ude63\ud835\ude69\ud835\ude5a\ud835\ude68 \ud835\ude59\ud835\ude5a \ud835\ude61\ud835\ude56 \ud835\ude44.\ud835\ude40. \ud835\ude4b\ud835\ude64\ud835\ude61\ud835\ude5e\ud835\ude69\ud835\ude5a\u0301\ud835\ude58\ud835\ude63\ud835\ude5e\ud835\ude58\ud835\ude64 \ud835\ude4f\ud835\ude6a\u0301\ud835\ude65\ud835\ude56\ud835\ude58 \ud835\ude3c\ud835\ude62\ud835\ude56\ud835\ude67\ud835\ude6a Ante la problem\u00e1tica suscitado los \u00faltimos meses en la I.E. Polit\u00e9cnico T\u00fapac Amaru, los miembros del Comit\u00e9 Distrital de Seguridad Ciudadana (CODISEC), del distrito de Chilca, pusieron en ejecuci\u00f3n el plan \u201cPrevenci\u00f3n y tratamiento del adolescente en instituciones educativas\u201d, con el objetivo&#8230;<\/p>\n","protected":false},"author":5,"featured_media":0,"comment_status":"closed","ping_status":"closed","sticky":false,"template":"","format":"image","meta":[],"categories":[80],"tags":[],"_links":{"self":[{"href":"https:\/\/www.munichilca.gob.pe\/site\/wp-json\/wp\/v2\/posts\/6902"}],"collection":[{"href":"https:\/\/www.munichilca.gob.pe\/site\/wp-json\/wp\/v2\/posts"}],"about":[{"href":"https:\/\/www.munichilca.gob.pe\/site\/wp-json\/wp\/v2\/types\/post"}],"author":[{"embeddable":true,"href":"https:\/\/www.munichilca.gob.pe\/site\/wp-json\/wp\/v2\/users\/5"}],"replies":[{"embeddable":true,"href":"https:\/\/www.munichilca.gob.pe\/site\/wp-json\/wp\/v2\/comments?post=6902"}],"version-history":[{"count":2,"href":"https:\/\/www.munichilca.gob.pe\/site\/wp-json\/wp\/v2\/posts\/6902\/revisions"}],"predecessor-version":[{"id":6913,"href":"https:\/\/www.munichilca.gob.pe\/site\/wp-json\/wp\/v2\/posts\/6902\/revisions\/6913"}],"wp:attachment":[{"href":"https:\/\/www.munichilca.gob.pe\/site\/wp-json\/wp\/v2\/media?parent=6902"}],"wp:term":[{"taxonomy":"category","embeddable":true,"href":"https:\/\/www.munichilca.gob.pe\/site\/wp-json\/wp\/v2\/categories?post=6902"},{"taxonomy":"post_tag","embeddable":true,"href":"https:\/\/www.munichilca.gob.pe\/site\/wp-json\/wp\/v2\/tags?post=6902"}],"curies":[{"name":"wp","href":"https:\/\/api.w.org\/{rel}","templated":true}]}}