{"id":6904,"date":"2023-08-23T11:29:05","date_gmt":"2023-08-23T16:29:05","guid":{"rendered":"https:\/\/www.munichilca.gob.pe\/site\/?p=6904"},"modified":"2023-08-23T11:29:05","modified_gmt":"2023-08-23T16:29:05","slug":"%f0%9d%97%a0%f0%9d%97%a8%f0%9d%97%a1%f0%9d%97%9c%f0%9d%97%96%f0%9d%97%9c%f0%9d%97%a3%f0%9d%97%9c%f0%9d%97%a2-%f0%9d%97%97%f0%9d%97%98-%f0%9d%97%96%f0%9d%97%9b%f0%9d%97%9c%f0%9d%97%9f%f0%9d%97%96-2","status":"publish","type":"post","link":"https:\/\/www.munichilca.gob.pe\/site\/2023\/08\/23\/%f0%9d%97%a0%f0%9d%97%a8%f0%9d%97%a1%f0%9d%97%9c%f0%9d%97%96%f0%9d%97%9c%f0%9d%97%a3%f0%9d%97%9c%f0%9d%97%a2-%f0%9d%97%97%f0%9d%97%98-%f0%9d%97%96%f0%9d%97%9b%f0%9d%97%9c%f0%9d%97%9f%f0%9d%97%96-2\/","title":{"rendered":"\ud835\udde0\ud835\udde8\ud835\udde1\ud835\udddc\ud835\uddd6\ud835\udddc\ud835\udde3\ud835\udddc\ud835\udde2 \ud835\uddd7\ud835\uddd8 \ud835\uddd6\ud835\udddb\ud835\udddc\ud835\udddf\ud835\uddd6\ud835\uddd4 \ud835\uddd8\ud835\udde1\ud835\udde6\ud835\uddd4\ud835\udde1\ud835\uddd6\ud835\udddb\ud835\uddd4 \ud835\udddd\ud835\udde5. \ud835\udddb\ud835\udde8\ud835\udde0\ud835\uddd5\ud835\udde2\ud835\udddf\ud835\udde7 \ud835\uddd8\ud835\udde1 \ud835\uddd4\ud835\udded\ud835\uddd4\ud835\udde3\ud835\uddd4\ud835\udde0\ud835\udde3\ud835\uddd4"},"content":{"rendered":"<p>\ud835\ude4b\ud835\ude67\ud835\ude64\ud835\ude65\ud835\ude5e\ud835\ude5a\ud835\ude69\ud835\ude56\ud835\ude67\ud835\ude5e\ud835\ude56 \ud835\ude59\ud835\ude5a \ud835\ude69\ud835\ude5a\ud835\ude67\ud835\ude67\ud835\ude5a\ud835\ude63\ud835\ude64, \ud835\ude68\ud835\ude5a\ud835\ude59\ud835\ude5a 800 \ud835\ude622 \ud835\ude65\ud835\ude56\ud835\ude67\ud835\ude56 \ud835\ude5a\ud835\ude63\ud835\ude68\ud835\ude56\ud835\ude63\ud835\ude58\ud835\ude5d\ud835\ude56\ud835\ude62\ud835\ude5e\ud835\ude5a\ud835\ude63\ud835\ude69\ud835\ude64 \ud835\ude59\ud835\ude5a \ud835\ude58\ud835\ude56\ud835\ude61\ud835\ude61\ud835\ude5a.<\/p>\n<p>La Municipalidad de Chilca, a trav\u00e9s de la gerencia de obras p\u00fablicas, realiz\u00f3 trabajos de alineamiento y ensanche del Jr. Humbolt en el sector de Azapampa, donde con personal y maquinaria municipales respondieron a un pedido que llevaba una d\u00e9cada sin ser atendido y generaba constantes problemas a los vecinos.<\/p>\n<p>El responsable del \u00e1rea, Jorge Paucar, se refiri\u00f3 a los trabajos que se realizan con maquinarias y mano de obra municipal. \u201cEstamos ensanchando el Jr. Humbolt, porque es una calle muy transitada y cuando llueve se pone angosta porque la acumulaci\u00f3n de agua, y tras un convenio con la propietaria del terreno que muy amablemente cedi\u00f3 800 metros cuadrados de su terreno, se inici\u00f3 estos trabajos\u201d, indic\u00f3.<\/p>\n<p>En ese sentido agreg\u00f3 que desde hace tiempo existe la intenci\u00f3n de realizar estos trabajos, pero el clima y la necesidad de las m\u00e1quinas para otras actividades hicieron que se postergue.<\/p>\n<p>\u201cEstos trabajos los hacemos con empleados municipales y, gracias a que los veh\u00edculos son nuestros, creemos que en tres d\u00edas lo podemos terminar. Toda la zona tuvo un empuje distintivo para elevarles la calidad de vida. El objetivo es que quede limpia, segura y en buenas condiciones para que puedan disfrutarla los vecinos. En total son entre 120 metros lineales, donde se aument\u00f3 3 metros de ancho de v\u00eda, en un terreno de 800 metros cuadrados, que se realizar\u00e1n entre hoy (martes) hasta el d\u00eda jueves\u201d, inform\u00f3 el ingeniero.<\/p>\n<p>Es preciso aclarar que esta calle tiene un tr\u00e1nsito muy concurrido, no solamente porque los vecinos de la zona la utilizan como arteria de salida a la Av. Los H\u00e9roes, sino tambi\u00e9n por el tr\u00e1nsito pesado y porque es el camino que utilizan los estudiantes de la I.E. F\u00e9 y Alegr\u00eda de ese sector.<\/p>\n","protected":false},"excerpt":{"rendered":"<p>\ud835\ude4b\ud835\ude67\ud835\ude64\ud835\ude65\ud835\ude5e\ud835\ude5a\ud835\ude69\ud835\ude56\ud835\ude67\ud835\ude5e\ud835\ude56 \ud835\ude59\ud835\ude5a \ud835\ude69\ud835\ude5a\ud835\ude67\ud835\ude67\ud835\ude5a\ud835\ude63\ud835\ude64, \ud835\ude68\ud835\ude5a\ud835\ude59\ud835\ude5a 800 \ud835\ude622 \ud835\ude65\ud835\ude56\ud835\ude67\ud835\ude56 \ud835\ude5a\ud835\ude63\ud835\ude68\ud835\ude56\ud835\ude63\ud835\ude58\ud835\ude5d\ud835\ude56\ud835\ude62\ud835\ude5e\ud835\ude5a\ud835\ude63\ud835\ude69\ud835\ude64 \ud835\ude59\ud835\ude5a \ud835\ude58\ud835\ude56\ud835\ude61\ud835\ude61\ud835\ude5a. La Municipalidad de Chilca, a trav\u00e9s de la gerencia de obras p\u00fablicas, realiz\u00f3 trabajos de alineamiento y ensanche del Jr. Humbolt en el sector de Azapampa, donde con personal y maquinaria municipales respondieron a un pedido que llevaba una d\u00e9cada sin ser atendido y generaba&#8230;<\/p>\n","protected":false},"author":5,"featured_media":0,"comment_status":"closed","ping_status":"closed","sticky":false,"template":"","format":"image","meta":[],"categories":[80],"tags":[],"_links":{"self":[{"href":"https:\/\/www.munichilca.gob.pe\/site\/wp-json\/wp\/v2\/posts\/6904"}],"collection":[{"href":"https:\/\/www.munichilca.gob.pe\/site\/wp-json\/wp\/v2\/posts"}],"about":[{"href":"https:\/\/www.munichilca.gob.pe\/site\/wp-json\/wp\/v2\/types\/post"}],"author":[{"embeddable":true,"href":"https:\/\/www.munichilca.gob.pe\/site\/wp-json\/wp\/v2\/users\/5"}],"replies":[{"embeddable":true,"href":"https:\/\/www.munichilca.gob.pe\/site\/wp-json\/wp\/v2\/comments?post=6904"}],"version-history":[{"count":1,"href":"https:\/\/www.munichilca.gob.pe\/site\/wp-json\/wp\/v2\/posts\/6904\/revisions"}],"predecessor-version":[{"id":6905,"href":"https:\/\/www.munichilca.gob.pe\/site\/wp-json\/wp\/v2\/posts\/6904\/revisions\/6905"}],"wp:attachment":[{"href":"https:\/\/www.munichilca.gob.pe\/site\/wp-json\/wp\/v2\/media?parent=6904"}],"wp:term":[{"taxonomy":"category","embeddable":true,"href":"https:\/\/www.munichilca.gob.pe\/site\/wp-json\/wp\/v2\/categories?post=6904"},{"taxonomy":"post_tag","embeddable":true,"href":"https:\/\/www.munichilca.gob.pe\/site\/wp-json\/wp\/v2\/tags?post=6904"}],"curies":[{"name":"wp","href":"https:\/\/api.w.org\/{rel}","templated":true}]}}