{"id":7447,"date":"2023-10-13T09:49:31","date_gmt":"2023-10-13T14:49:31","guid":{"rendered":"https:\/\/www.munichilca.gob.pe\/site\/?p=7447"},"modified":"2023-10-13T09:49:31","modified_gmt":"2023-10-13T14:49:31","slug":"%f0%9d%97%96%f0%9d%97%a2%f0%9d%97%a1-%f0%9d%97%a3%f0%9d%97%a5%f0%9d%97%a2%f0%9d%97%9a%f0%9d%97%a5%f0%9d%97%94%f0%9d%97%a0%f0%9d%97%94","status":"publish","type":"post","link":"https:\/\/www.munichilca.gob.pe\/site\/2023\/10\/13\/%f0%9d%97%96%f0%9d%97%a2%f0%9d%97%a1-%f0%9d%97%a3%f0%9d%97%a5%f0%9d%97%a2%f0%9d%97%9a%f0%9d%97%a5%f0%9d%97%94%f0%9d%97%a0%f0%9d%97%94\/","title":{"rendered":"\ud835\uddd6\ud835\udde2\ud835\udde1 \ud835\udde3\ud835\udde5\ud835\udde2\ud835\uddda\ud835\udde5\ud835\uddd4\ud835\udde0\ud835\uddd4 \ud835\udde0\ud835\udde8\ud835\udde1\ud835\udddc\ud835\uddd6\ud835\udddc\ud835\udde3\ud835\uddd4\ud835\udddf \ud835\uddd8\ud835\uddd7\ud835\udde8\ud835\uddd6\ud835\uddd6\ud835\uddd4, \ud835\udde6\ud835\uddd8\ud835\udde1\ud835\udde6\ud835\udddc\ud835\uddd5\ud835\udddc\ud835\udddf\ud835\udded\ud835\uddd4\ud835\udde1 \ud835\uddd4 \ud835\uddd8\ud835\udde6\ud835\uddd6\ud835\udde2\ud835\udddf\ud835\uddd4\ud835\udde5\ud835\uddd8\ud835\udde6 \ud835\uddd8\ud835\udde1 \ud835\uddd6\ud835\udddb\ud835\udddc\ud835\udddf\ud835\uddd6\ud835\uddd4"},"content":{"rendered":"<p>\ud835\ude4b\ud835\ude5a\ud835\ude67\ud835\ude68\ud835\ude64\ud835\ude63\ud835\ude56\ud835\ude61 \ud835\ude62\ud835\ude6a\ud835\ude63\ud835\ude5e\ud835\ude58\ud835\ude5e\ud835\ude65\ud835\ude56\ud835\ude61 \ud835\ude67\ud835\ude5a\ud835\ude58\ud835\ude64\ud835\ude67\ud835\ude67\ud835\ude5a \ud835\ude5e\ud835\ude63\ud835\ude68\ud835\ude69\ud835\ude5e\ud835\ude69\ud835\ude6a\ud835\ude58\ud835\ude5e\ud835\ude64\ud835\ude63\ud835\ude5a\ud835\ude68 \ud835\ude5a\ud835\ude59\ud835\ude6a\ud835\ude58\ud835\ude56\ud835\ude69\ud835\ude5e\ud835\ude6b\ud835\ude56\ud835\ude68, \ud835\ude68\ud835\ude5a\ud835\ude63\ud835\ude68\ud835\ude5e\ud835\ude57\ud835\ude5e\ud835\ude61\ud835\ude5e\ud835\ude6f\ud835\ude56\ud835\ude63\ud835\ude59\ud835\ude64 \ud835\ude6e \ud835\ude5a\ud835\ude63\ud835\ude69\ud835\ude67\ud835\ude5a\ud835\ude5c\ud835\ude56\ud835\ude63\ud835\ude59\ud835\ude64 \ud835\ude69\ud835\ude56\ud835\ude58\ud835\ude5d\ud835\ude64\ud835\ude68 \ud835\ude67\ud835\ude5a\ud835\ude58\ud835\ude64\ud835\ude61\ud835\ude5a\ud835\ude58\ud835\ude69\ud835\ude64\ud835\ude67\ud835\ude5a\ud835\ude68 \ud835\ude6e \ud835\ude62\ud835\ude56\ud835\ude69\ud835\ude5a\ud835\ude67\ud835\ude5e\ud835\ude56\ud835\ude61 \ud835\ude58\ud835\ude64\ud835\ude62\ud835\ude65\ud835\ude64\ud835\ude68\ud835\ude69 \ud835\ude56 \ud835\ude58\ud835\ude56\ud835\ude62\ud835\ude57\ud835\ude5e\ud835\ude64 \ud835\ude59\ud835\ude5a \ud835\ude57\ud835\ude64\ud835\ude69\ud835\ude5a\ud835\ude61\ud835\ude61\ud835\ude56\ud835\ude68 \ud835\ude59\ud835\ude5a \ud835\ude65\ud835\ude61\ud835\ude56\u0301\ud835\ude68\ud835\ude69\ud835\ude5e\ud835\ude58\ud835\ude64.<\/p>\n<p>La Municipalidad Distrital de Chilca, a trav\u00e9s de la Gerencia de Servicios P\u00fablicos y Medio Ambiente, viene realizando campa\u00f1as de sensibilizaci\u00f3n y segregaci\u00f3n de los residuos s\u00f3lidos a todas las instituciones educativas con temas sobre el cuidado del medio ambiente; la poblaci\u00f3n en general es abordada en talleres que se vienen realizando en diferentes espacios del distrito como son; la escuela de padres, reuni\u00f3n de vecinos, programas sociales del vaso de leche, entre otros.<\/p>\n<p>Ya que el objetivo es cuidar el medioambiente, donde los problemas ambientales cada d\u00eda empeoran a nivel mundial, y el distrito de Chilca no es ajeno a esta realidad, por ello la Municipalidad, a trav\u00e9s de la Gerencia de Servicios P\u00fablicos y Medio Ambiente, viene sensibilizando a la ciudadan\u00eda con su Programa Municipal de Educaci\u00f3n, Cultura y Ciudadan\u00eda Ambiental, \u201cEDUCCA\u201d.<\/p>\n<p>La promotora ambiental de la Gerencia de Servicios P\u00fablicos y Medio Ambiente, Ing. Elba Hilario Quispe, inform\u00f3 que esto es un trabajo programado donde con visitas a las instituciones educativas se sensibiliza a todos los alumnos con temas de recolecci\u00f3n y segregaci\u00f3n de residuos s\u00f3lidos org\u00e1nicos e inorg\u00e1nicos y sobre todo a la conservaci\u00f3n de nuestro medio ambiente; esta acci\u00f3n es iniciativa del alcalde del distrito, quien exhorta continuar con el esfuerzo de las diferentes oficinas para llevar informaci\u00f3n que servir\u00e1 a la poblaci\u00f3n y sobre todo a los escolares.<\/p>\n<p>\u201cPara tener un distrito limpio y ordenado necesitamos el apoyo de todos, por eso estamos sensibilizando antes de sancionar. \u00a1Vecinos ay\u00fadenos a mejorar nuestra calidad de vida, no arrojando su basura a las orillas del r\u00edo ni a las calles, no rompan las plantas y flores, no maltraten a sus mascotas, juntos todo es posible, cuidar el medio ambiente es tarea de todos!\u201d, enfatiz\u00f3 la primera autoridad edil C\u00e9sar Damas.<br \/>\nCabe resaltar que mediante el Programa Municipal EDUCCA, la comuna de Chilca, viene entregando a las instituciones educativas del nivel primario Tupac Amaru, Fe y Alegr\u00eda y 30012, entre otros, tachos recolectores de residuos s\u00f3lidos y material compost a cambio de botellas de pl\u00e1stico.<\/p>\n","protected":false},"excerpt":{"rendered":"<p>\ud835\ude4b\ud835\ude5a\ud835\ude67\ud835\ude68\ud835\ude64\ud835\ude63\ud835\ude56\ud835\ude61 \ud835\ude62\ud835\ude6a\ud835\ude63\ud835\ude5e\ud835\ude58\ud835\ude5e\ud835\ude65\ud835\ude56\ud835\ude61 \ud835\ude67\ud835\ude5a\ud835\ude58\ud835\ude64\ud835\ude67\ud835\ude67\ud835\ude5a \ud835\ude5e\ud835\ude63\ud835\ude68\ud835\ude69\ud835\ude5e\ud835\ude69\ud835\ude6a\ud835\ude58\ud835\ude5e\ud835\ude64\ud835\ude63\ud835\ude5a\ud835\ude68 \ud835\ude5a\ud835\ude59\ud835\ude6a\ud835\ude58\ud835\ude56\ud835\ude69\ud835\ude5e\ud835\ude6b\ud835\ude56\ud835\ude68, \ud835\ude68\ud835\ude5a\ud835\ude63\ud835\ude68\ud835\ude5e\ud835\ude57\ud835\ude5e\ud835\ude61\ud835\ude5e\ud835\ude6f\ud835\ude56\ud835\ude63\ud835\ude59\ud835\ude64 \ud835\ude6e \ud835\ude5a\ud835\ude63\ud835\ude69\ud835\ude67\ud835\ude5a\ud835\ude5c\ud835\ude56\ud835\ude63\ud835\ude59\ud835\ude64 \ud835\ude69\ud835\ude56\ud835\ude58\ud835\ude5d\ud835\ude64\ud835\ude68 \ud835\ude67\ud835\ude5a\ud835\ude58\ud835\ude64\ud835\ude61\ud835\ude5a\ud835\ude58\ud835\ude69\ud835\ude64\ud835\ude67\ud835\ude5a\ud835\ude68 \ud835\ude6e \ud835\ude62\ud835\ude56\ud835\ude69\ud835\ude5a\ud835\ude67\ud835\ude5e\ud835\ude56\ud835\ude61 \ud835\ude58\ud835\ude64\ud835\ude62\ud835\ude65\ud835\ude64\ud835\ude68\ud835\ude69 \ud835\ude56 \ud835\ude58\ud835\ude56\ud835\ude62\ud835\ude57\ud835\ude5e\ud835\ude64 \ud835\ude59\ud835\ude5a \ud835\ude57\ud835\ude64\ud835\ude69\ud835\ude5a\ud835\ude61\ud835\ude61\ud835\ude56\ud835\ude68 \ud835\ude59\ud835\ude5a \ud835\ude65\ud835\ude61\ud835\ude56\u0301\ud835\ude68\ud835\ude69\ud835\ude5e\ud835\ude58\ud835\ude64. La Municipalidad Distrital de Chilca, a trav\u00e9s de la Gerencia de Servicios P\u00fablicos y Medio Ambiente, viene realizando campa\u00f1as de sensibilizaci\u00f3n y segregaci\u00f3n de los residuos s\u00f3lidos a todas las instituciones educativas con temas sobre el&#8230;<\/p>\n","protected":false},"author":5,"featured_media":0,"comment_status":"closed","ping_status":"closed","sticky":false,"template":"","format":"image","meta":[],"categories":[80],"tags":[],"_links":{"self":[{"href":"https:\/\/www.munichilca.gob.pe\/site\/wp-json\/wp\/v2\/posts\/7447"}],"collection":[{"href":"https:\/\/www.munichilca.gob.pe\/site\/wp-json\/wp\/v2\/posts"}],"about":[{"href":"https:\/\/www.munichilca.gob.pe\/site\/wp-json\/wp\/v2\/types\/post"}],"author":[{"embeddable":true,"href":"https:\/\/www.munichilca.gob.pe\/site\/wp-json\/wp\/v2\/users\/5"}],"replies":[{"embeddable":true,"href":"https:\/\/www.munichilca.gob.pe\/site\/wp-json\/wp\/v2\/comments?post=7447"}],"version-history":[{"count":1,"href":"https:\/\/www.munichilca.gob.pe\/site\/wp-json\/wp\/v2\/posts\/7447\/revisions"}],"predecessor-version":[{"id":7452,"href":"https:\/\/www.munichilca.gob.pe\/site\/wp-json\/wp\/v2\/posts\/7447\/revisions\/7452"}],"wp:attachment":[{"href":"https:\/\/www.munichilca.gob.pe\/site\/wp-json\/wp\/v2\/media?parent=7447"}],"wp:term":[{"taxonomy":"category","embeddable":true,"href":"https:\/\/www.munichilca.gob.pe\/site\/wp-json\/wp\/v2\/categories?post=7447"},{"taxonomy":"post_tag","embeddable":true,"href":"https:\/\/www.munichilca.gob.pe\/site\/wp-json\/wp\/v2\/tags?post=7447"}],"curies":[{"name":"wp","href":"https:\/\/api.w.org\/{rel}","templated":true}]}}