{"id":7490,"date":"2023-10-12T10:25:39","date_gmt":"2023-10-12T15:25:39","guid":{"rendered":"https:\/\/www.munichilca.gob.pe\/site\/?p=7490"},"modified":"2023-10-12T10:25:39","modified_gmt":"2023-10-12T15:25:39","slug":"%f0%9d%97%a0%f0%9d%97%a8%f0%9d%97%a1%f0%9d%97%9c%f0%9d%97%96%f0%9d%97%9c%f0%9d%97%a3%f0%9d%97%9c%f0%9d%97%a2-%f0%9d%97%97%f0%9d%97%98-%f0%9d%97%96%f0%9d%97%9b%f0%9d%97%9c%f0%9d%97%9f%f0%9d%97%96-10-2","status":"publish","type":"post","link":"https:\/\/www.munichilca.gob.pe\/site\/2023\/10\/12\/%f0%9d%97%a0%f0%9d%97%a8%f0%9d%97%a1%f0%9d%97%9c%f0%9d%97%96%f0%9d%97%9c%f0%9d%97%a3%f0%9d%97%9c%f0%9d%97%a2-%f0%9d%97%97%f0%9d%97%98-%f0%9d%97%96%f0%9d%97%9b%f0%9d%97%9c%f0%9d%97%9f%f0%9d%97%96-10-2\/","title":{"rendered":"\ud835\udde0\ud835\udde8\ud835\udde1\ud835\udddc\ud835\uddd6\ud835\udddc\ud835\udde3\ud835\udddc\ud835\udde2 \ud835\uddd7\ud835\uddd8 \ud835\uddd6\ud835\udddb\ud835\udddc\ud835\udddf\ud835\uddd6\ud835\uddd4 \ud835\udde3\ud835\udde5\ud835\udde2\ud835\udde0\ud835\udde8\ud835\uddd8\ud835\udde9\ud835\uddd8 \ud835\uddd6\ud835\udde2\ud835\udde1\ud835\udde6\ud835\udde8\ud835\udde0\ud835\udde2 \ud835\uddd7\ud835\uddd8 \ud835\uddd4\ud835\udddf\ud835\udddc\ud835\udde0\ud835\uddd8\ud835\udde1\ud835\udde7\ud835\udde2\ud835\udde6 \ud835\udde6\ud835\uddd4\ud835\udddf\ud835\udde8\ud835\uddd7\ud835\uddd4\ud835\uddd5\ud835\udddf\ud835\uddd8\ud835\udde6"},"content":{"rendered":"<p>\ud835\ude4b\ud835\ude64\ud835\ude67 \ud835\ude5a\ud835\ude61 \u275e\ud835\ude3f\ud835\ude5e\u0301\ud835\ude56 \ud835\ude48\ud835\ude6a\ud835\ude63\ud835\ude59\ud835\ude5e\ud835\ude56\ud835\ude61 \ud835\ude59\ud835\ude5a \ud835\ude61\ud835\ude56 \ud835\ude3c\ud835\ude61\ud835\ude5e\ud835\ude62\ud835\ude5a\ud835\ude63\ud835\ude69\ud835\ude56\ud835\ude58\ud835\ude5e\ud835\ude64\u0301\ud835\ude63\u275e, \ud835\ude58\ud835\ude64\ud835\ude62\ud835\ude6a\ud835\ude63\ud835\ude56 \ud835\ude57\ud835\ude67\ud835\ude5e\ud835\ude63\ud835\ude59\ud835\ude56 \ud835\ude58\ud835\ude5d\ud835\ude56\ud835\ude67\ud835\ude61\ud835\ude56\ud835\ude68 \ud835\ude65\ud835\ude67\ud835\ude64\ud835\ude62\ud835\ude64\ud835\ude6b\ud835\ude5e\ud835\ude5a\ud835\ude63\ud835\ude59\ud835\ude64 \ud835\ude61\ud835\ude56 \ud835\ude56\ud835\ude61\ud835\ude5e\ud835\ude62\ud835\ude5a\ud835\ude63\ud835\ude69\ud835\ude56\ud835\ude58\ud835\ude5e\ud835\ude64\u0301\ud835\ude63 \ud835\ude68\ud835\ude56\ud835\ude61\ud835\ude6a\ud835\ude59\ud835\ude56\ud835\ude57\ud835\ude61\ud835\ude5a<\/p>\n<p>El 16 de octubre se conmemora el \u201cD\u00eda Mundial de la Alimentaci\u00f3n\u201d, por tal motivo, el personal de la Municipalidad Distrital de Chilca, vienen preparando actividades para promover la alimentaci\u00f3n nutritiva y saludable, como son la preparaci\u00f3n de potajes a base de productos org\u00e1nicos, con el prop\u00f3sito de promover el consumo de producci\u00f3n local y una alimentaci\u00f3n saludable para nuestros ni\u00f1os, ni\u00f1as, j\u00f3venes y adultos.<\/p>\n<p>Ante esto, la comuna y el programa municipal \u201cAllin Mikuna\u201d (desarrollo infantil temprano), en cumplimiento a las ordenanzas municipales N\u00ba 330 y 378 hicieron la entrega de hortalizas para fortalecer la salud integral de los escolares de 23 instituciones educativas del nivel inicial, con la finalidad de promover h\u00e1bitos de una alimentaci\u00f3n saludable en los escolares del distrito.<\/p>\n<p>Esta entrega de atados de hortalizas conten\u00eda alimentos como la espinaca, acelga, rabanito y lechuga org\u00e1nica, entre otros, que ser\u00e1n utilizadas como completo alimentario para la comunidad estudiantil, se har\u00e1 de manera general este lunes 1 de setiembre, servir\u00e1 para complementar el desayuno escolar que viene otorgando el programa nacional de alimentaci\u00f3n escolar Qali Warma.<\/p>\n<p>La adquisici\u00f3n de atados de hortalizas y productos, que beneficiaran a ni\u00f1os de 3 a 5 a\u00f1os, tiene la finalidad p\u00fablica de desarrollar actitudes y pr\u00e1cticas favorables en salud y nutrici\u00f3n, que contribuyan a mejorar la calidad de vida y el bienestar f\u00edsico, mental y social; considerando que es una iniciativa orientada a promover la educaci\u00f3n en salud y, nutrici\u00f3n y estilos de vida saludable y contribuye en la reducci\u00f3n de la desnutrici\u00f3n infantil en sus determinantes.<\/p>\n<p>Mediante esto, se busca reforzar la idea de c\u00f3mo nuestras decisiones alimentarias cotidianas pueden determinar el futuro de nuestra salud. A su turno la primera autoridad edil C\u00e9sar Damas, manifest\u00f3 que \u201cNuestros h\u00e1bitos alimentarios determinan nuestra salud. Forjamos futuro desde nuestras acciones cotidianas, que a veces parecen m\u00ednimas, pero sin notarlo van construyendo protecci\u00f3n y bienestar. Una dieta saludable nos ayuda a tener un coraz\u00f3n sano y a prevenir enfermedades cardiovasculares, y es el resultado de la sinergia de la selecci\u00f3n y uso adecuado de los alimentos\u201d.<\/p>\n<p>\u201cY que s\u00f3lo debe convertirse en complemento de su dieta diaria, para aportar energ\u00eda suficiente en su jornada escolar. Adem\u00e1s, este programa tiene como finalidad, mejorar y mantener el estado nutricional de los ni\u00f1os y j\u00f3venes del distrito en los grados de inicial y primaria, a trav\u00e9s de la difusi\u00f3n del consumo de loncheras y refrigerios saludables\u201d, finaliz\u00f3 el alcalde.<\/p>\n","protected":false},"excerpt":{"rendered":"<p>\ud835\ude4b\ud835\ude64\ud835\ude67 \ud835\ude5a\ud835\ude61 \u275e\ud835\ude3f\ud835\ude5e\u0301\ud835\ude56 \ud835\ude48\ud835\ude6a\ud835\ude63\ud835\ude59\ud835\ude5e\ud835\ude56\ud835\ude61 \ud835\ude59\ud835\ude5a \ud835\ude61\ud835\ude56 \ud835\ude3c\ud835\ude61\ud835\ude5e\ud835\ude62\ud835\ude5a\ud835\ude63\ud835\ude69\ud835\ude56\ud835\ude58\ud835\ude5e\ud835\ude64\u0301\ud835\ude63\u275e, \ud835\ude58\ud835\ude64\ud835\ude62\ud835\ude6a\ud835\ude63\ud835\ude56 \ud835\ude57\ud835\ude67\ud835\ude5e\ud835\ude63\ud835\ude59\ud835\ude56 \ud835\ude58\ud835\ude5d\ud835\ude56\ud835\ude67\ud835\ude61\ud835\ude56\ud835\ude68 \ud835\ude65\ud835\ude67\ud835\ude64\ud835\ude62\ud835\ude64\ud835\ude6b\ud835\ude5e\ud835\ude5a\ud835\ude63\ud835\ude59\ud835\ude64 \ud835\ude61\ud835\ude56 \ud835\ude56\ud835\ude61\ud835\ude5e\ud835\ude62\ud835\ude5a\ud835\ude63\ud835\ude69\ud835\ude56\ud835\ude58\ud835\ude5e\ud835\ude64\u0301\ud835\ude63 \ud835\ude68\ud835\ude56\ud835\ude61\ud835\ude6a\ud835\ude59\ud835\ude56\ud835\ude57\ud835\ude61\ud835\ude5a El 16 de octubre se conmemora el \u201cD\u00eda Mundial de la Alimentaci\u00f3n\u201d, por tal motivo, el personal de la Municipalidad Distrital de Chilca, vienen preparando actividades para promover la alimentaci\u00f3n nutritiva y saludable, como son la preparaci\u00f3n de potajes a base&#8230;<\/p>\n","protected":false},"author":5,"featured_media":0,"comment_status":"closed","ping_status":"closed","sticky":false,"template":"","format":"image","meta":[],"categories":[80],"tags":[],"_links":{"self":[{"href":"https:\/\/www.munichilca.gob.pe\/site\/wp-json\/wp\/v2\/posts\/7490"}],"collection":[{"href":"https:\/\/www.munichilca.gob.pe\/site\/wp-json\/wp\/v2\/posts"}],"about":[{"href":"https:\/\/www.munichilca.gob.pe\/site\/wp-json\/wp\/v2\/types\/post"}],"author":[{"embeddable":true,"href":"https:\/\/www.munichilca.gob.pe\/site\/wp-json\/wp\/v2\/users\/5"}],"replies":[{"embeddable":true,"href":"https:\/\/www.munichilca.gob.pe\/site\/wp-json\/wp\/v2\/comments?post=7490"}],"version-history":[{"count":1,"href":"https:\/\/www.munichilca.gob.pe\/site\/wp-json\/wp\/v2\/posts\/7490\/revisions"}],"predecessor-version":[{"id":7491,"href":"https:\/\/www.munichilca.gob.pe\/site\/wp-json\/wp\/v2\/posts\/7490\/revisions\/7491"}],"wp:attachment":[{"href":"https:\/\/www.munichilca.gob.pe\/site\/wp-json\/wp\/v2\/media?parent=7490"}],"wp:term":[{"taxonomy":"category","embeddable":true,"href":"https:\/\/www.munichilca.gob.pe\/site\/wp-json\/wp\/v2\/categories?post=7490"},{"taxonomy":"post_tag","embeddable":true,"href":"https:\/\/www.munichilca.gob.pe\/site\/wp-json\/wp\/v2\/tags?post=7490"}],"curies":[{"name":"wp","href":"https:\/\/api.w.org\/{rel}","templated":true}]}}