{"id":7494,"date":"2023-10-12T10:31:31","date_gmt":"2023-10-12T15:31:31","guid":{"rendered":"https:\/\/www.munichilca.gob.pe\/site\/?p=7494"},"modified":"2023-10-12T10:31:31","modified_gmt":"2023-10-12T15:31:31","slug":"%f0%9d%97%a7%f0%9d%97%a2%f0%9d%97%a7%f0%9d%97%94%f0%9d%97%9f%f0%9d%97%a0%f0%9d%97%98%f0%9d%97%a1%f0%9d%97%a7%f0%9d%97%98-%f0%9d%97%9a%f0%9d%97%a5%f0%9d%97%94%f0%9d%97%a7%f0%9d%97%9c%f0%9d%97%a6-2","status":"publish","type":"post","link":"https:\/\/www.munichilca.gob.pe\/site\/2023\/10\/12\/%f0%9d%97%a7%f0%9d%97%a2%f0%9d%97%a7%f0%9d%97%94%f0%9d%97%9f%f0%9d%97%a0%f0%9d%97%98%f0%9d%97%a1%f0%9d%97%a7%f0%9d%97%98-%f0%9d%97%9a%f0%9d%97%a5%f0%9d%97%94%f0%9d%97%a7%f0%9d%97%9c%f0%9d%97%a6-2\/","title":{"rendered":"\ud835\uddd6\ud835\uddd4\ud835\udde0\ud835\udde3\ud835\uddd4\u00d1\ud835\uddd4 \ud835\udde0\u00c9\ud835\uddd7\ud835\udddc\ud835\uddd6\ud835\uddd4 \ud835\udde2\ud835\uddd9\ud835\udde7\ud835\uddd4\ud835\udddf\ud835\udde0\ud835\udde2\ud835\udddf\u00d3\ud835\uddda\ud835\udddc\ud835\uddd6\ud835\uddd4 \ud835\udde7\ud835\udde2\ud835\udde7\ud835\uddd4\ud835\udddf\ud835\udde0\ud835\uddd8\ud835\udde1\ud835\udde7\ud835\uddd8 \ud835\uddda\ud835\udde5\ud835\uddd4\ud835\udde7\ud835\udddc\ud835\udde6 \ud835\uddd8\ud835\udde1 \ud835\uddd8\ud835\udddf \ud835\udde3\ud835\uddd4\ud835\udde5\ud835\udde4\ud835\udde8\ud835\uddd8 \ud835\uddd4\ud835\uddd5\ud835\uddd8\ud835\udddf \ud835\udde0\ud835\uddd4\ud835\udde5\ud835\udde7\ud835\udddc\u0301\ud835\udde1\ud835\uddd8\ud835\udded"},"content":{"rendered":"<p>\ud835\ude3e\ud835\ude64\ud835\ude62\ud835\ude6a\ud835\ude63\ud835\ude56 \ud835\ude59\ud835\ude5a \ud835\ude3e\ud835\ude5d\ud835\ude5e\ud835\ude61\ud835\ude58\ud835\ude56 \ud835\ude5e\ud835\ude63\ud835\ude6b\ud835\ude5e\ud835\ude69\ud835\ude56 \ud835\ude56 \ud835\ude69\ud835\ude64\ud835\ude59\ud835\ude56 \ud835\ude61\ud835\ude56 \ud835\ude65\ud835\ude64\ud835\ude57\ud835\ude61\ud835\ude56\ud835\ude58\ud835\ude5e\ud835\ude64\u0301\ud835\ude63 \ud835\ude65\ud835\ude56\ud835\ude67\ud835\ude56 \ud835\ude67\ud835\ude5a\ud835\ude56\ud835\ude61\ud835\ude5e\ud835\ude6f\ud835\ude56\ud835\ude67\ud835\ude68\ud835\ude5a \ud835\ude6a\ud835\ude63\ud835\ude56 \ud835\ude56\ud835\ude69\ud835\ude5a\ud835\ude63\ud835\ude58\ud835\ude5e\ud835\ude64\u0301\ud835\ude63 \ud835\ude6b\ud835\ude5e\ud835\ude68\ud835\ude6a\ud835\ude56\ud835\ude61 \ud835\ude5c\ud835\ude67\ud835\ude56\ud835\ude69\ud835\ude6a\ud835\ude5e\ud835\ude69\ud835\ude56 \ud835\ude58\ud835\ude64\ud835\ude63 \ud835\ude62\ud835\ude5a\u0301\ud835\ude59\ud835\ude5e\ud835\ude58\ud835\ude64\ud835\ude68 \ud835\ude5a\ud835\ude68\ud835\ude65\ud835\ude5a\ud835\ude58\ud835\ude5e\ud835\ude56\ud835\ude61\ud835\ude5e\ud835\ude68\ud835\ude69\ud835\ude56\ud835\ude68.<\/p>\n<p>Con la finalidad de brindar atenci\u00f3n de salud a los vecinos del distrito, la Municipalidad Distrital de Chilca, a trav\u00e9s de la Gerencia de Desarrollo Econ\u00f3mico y Turismo, invita a la campa\u00f1a de salud visual gratuita, gracias a la colaboraci\u00f3n del \u201cCentro Oftalmol\u00f3gico Jhoel\u201d, quien junto a su equipo de especialistas se encargan de brindar atenci\u00f3n integral a los ni\u00f1os, j\u00f3venes, adultos y adultos mayores.<\/p>\n<p>Estas acciones que se vienen desarrollando hasta el d\u00eda viernes 13 de octubre en el parque Abel Mart\u00ednez a partir de las 9 de la ma\u00f1ana, tienen como objetivo ayudar a las personas vulnerables del distrito en brindarles las facilidades para que puedan beneficiarse en medida de la vista con sistema computarizado, pruebas para adaptar lentes de contacto y terapia visual.<\/p>\n<p>Gracias a las coordinaciones interinstitucionales y particulares que viene desarrollando el alcalde de Chilca, C\u00e9sar Damas, los vecinos chilquenses contar\u00e1n con atenci\u00f3n gratuita y oportuna.<br \/>\n\u201cPara esta campa\u00f1a se hizo la invitaci\u00f3n a todos, incluso a los diversos distritos, ya que nuestra prioridad es la poblaci\u00f3n en desprotecci\u00f3n familiar y riesgo social, por ello trabajamos en coordinaci\u00f3n con algunas oftalmol\u00f3gicas, esta actividad reafirma el compromiso y nos invita a continuar ejecutando campa\u00f1as de este tipo.\u201d, expres\u00f3 la m\u00e1xima autoridad edil.<\/p>\n<p>\u201cHemos recorrido varias ciudades de la regi\u00f3n, ahora nos encontramos en el distrito de Chilca, donde estamos evaluando y diagnosticando los errores refractivos que presentan los infantes, adem\u00e1s de miop\u00eda, hipermetrop\u00eda y astigmatismo, hemos detectado menores con conjuntivitis al\u00e9rgicas y carnosidades, males que son provocados por el polvo, el tipo de clima de la regi\u00f3n y el sol que es bastante da\u00f1ino. Los padres de familia deben tener siempre presente la importancia de llevar a sus hijos al establecimiento de salud, a fin de que sean evaluados y de ser necesario les brinden el tratamiento o la referencia oportuna\u201d, manifest\u00f3 el representante del centro oftalmol\u00f3gico.<\/p>\n","protected":false},"excerpt":{"rendered":"<p>\ud835\ude3e\ud835\ude64\ud835\ude62\ud835\ude6a\ud835\ude63\ud835\ude56 \ud835\ude59\ud835\ude5a \ud835\ude3e\ud835\ude5d\ud835\ude5e\ud835\ude61\ud835\ude58\ud835\ude56 \ud835\ude5e\ud835\ude63\ud835\ude6b\ud835\ude5e\ud835\ude69\ud835\ude56 \ud835\ude56 \ud835\ude69\ud835\ude64\ud835\ude59\ud835\ude56 \ud835\ude61\ud835\ude56 \ud835\ude65\ud835\ude64\ud835\ude57\ud835\ude61\ud835\ude56\ud835\ude58\ud835\ude5e\ud835\ude64\u0301\ud835\ude63 \ud835\ude65\ud835\ude56\ud835\ude67\ud835\ude56 \ud835\ude67\ud835\ude5a\ud835\ude56\ud835\ude61\ud835\ude5e\ud835\ude6f\ud835\ude56\ud835\ude67\ud835\ude68\ud835\ude5a \ud835\ude6a\ud835\ude63\ud835\ude56 \ud835\ude56\ud835\ude69\ud835\ude5a\ud835\ude63\ud835\ude58\ud835\ude5e\ud835\ude64\u0301\ud835\ude63 \ud835\ude6b\ud835\ude5e\ud835\ude68\ud835\ude6a\ud835\ude56\ud835\ude61 \ud835\ude5c\ud835\ude67\ud835\ude56\ud835\ude69\ud835\ude6a\ud835\ude5e\ud835\ude69\ud835\ude56 \ud835\ude58\ud835\ude64\ud835\ude63 \ud835\ude62\ud835\ude5a\u0301\ud835\ude59\ud835\ude5e\ud835\ude58\ud835\ude64\ud835\ude68 \ud835\ude5a\ud835\ude68\ud835\ude65\ud835\ude5a\ud835\ude58\ud835\ude5e\ud835\ude56\ud835\ude61\ud835\ude5e\ud835\ude68\ud835\ude69\ud835\ude56\ud835\ude68. Con la finalidad de brindar atenci\u00f3n de salud a los vecinos del distrito, la Municipalidad Distrital de Chilca, a trav\u00e9s de la Gerencia de Desarrollo Econ\u00f3mico y Turismo, invita a la campa\u00f1a de salud visual gratuita, gracias a&#8230;<\/p>\n","protected":false},"author":5,"featured_media":0,"comment_status":"closed","ping_status":"closed","sticky":false,"template":"","format":"image","meta":[],"categories":[80],"tags":[],"_links":{"self":[{"href":"https:\/\/www.munichilca.gob.pe\/site\/wp-json\/wp\/v2\/posts\/7494"}],"collection":[{"href":"https:\/\/www.munichilca.gob.pe\/site\/wp-json\/wp\/v2\/posts"}],"about":[{"href":"https:\/\/www.munichilca.gob.pe\/site\/wp-json\/wp\/v2\/types\/post"}],"author":[{"embeddable":true,"href":"https:\/\/www.munichilca.gob.pe\/site\/wp-json\/wp\/v2\/users\/5"}],"replies":[{"embeddable":true,"href":"https:\/\/www.munichilca.gob.pe\/site\/wp-json\/wp\/v2\/comments?post=7494"}],"version-history":[{"count":1,"href":"https:\/\/www.munichilca.gob.pe\/site\/wp-json\/wp\/v2\/posts\/7494\/revisions"}],"predecessor-version":[{"id":7495,"href":"https:\/\/www.munichilca.gob.pe\/site\/wp-json\/wp\/v2\/posts\/7494\/revisions\/7495"}],"wp:attachment":[{"href":"https:\/\/www.munichilca.gob.pe\/site\/wp-json\/wp\/v2\/media?parent=7494"}],"wp:term":[{"taxonomy":"category","embeddable":true,"href":"https:\/\/www.munichilca.gob.pe\/site\/wp-json\/wp\/v2\/categories?post=7494"},{"taxonomy":"post_tag","embeddable":true,"href":"https:\/\/www.munichilca.gob.pe\/site\/wp-json\/wp\/v2\/tags?post=7494"}],"curies":[{"name":"wp","href":"https:\/\/api.w.org\/{rel}","templated":true}]}}