{"id":7500,"date":"2023-10-13T09:44:10","date_gmt":"2023-10-13T14:44:10","guid":{"rendered":"https:\/\/www.munichilca.gob.pe\/site\/?p=7500"},"modified":"2023-10-13T09:44:10","modified_gmt":"2023-10-13T14:44:10","slug":"%f0%9d%97%97%f0%9d%97%98%f0%9d%97%a0%f0%9d%97%a8%f0%9d%97%a1%f0%9d%97%94-%f0%9d%97%97%f0%9d%97%98-%f0%9d%97%96%f0%9d%97%9b%f0%9d%97%9c%f0%9d%97%9f%f0%9d%97%96%f0%9d%97%94-2","status":"publish","type":"post","link":"https:\/\/www.munichilca.gob.pe\/site\/2023\/10\/13\/%f0%9d%97%97%f0%9d%97%98%f0%9d%97%a0%f0%9d%97%a8%f0%9d%97%a1%f0%9d%97%94-%f0%9d%97%97%f0%9d%97%98-%f0%9d%97%96%f0%9d%97%9b%f0%9d%97%9c%f0%9d%97%9f%f0%9d%97%96%f0%9d%97%94-2\/","title":{"rendered":"\ud835\uddd7\ud835\uddd8\ud835\udde0\ud835\udde8\ud835\udde1\ud835\uddd4 \ud835\uddd7\ud835\uddd8 \ud835\uddd6\ud835\udddb\ud835\udddc\ud835\udddf\ud835\uddd6\ud835\uddd4 \ud835\uddd5\ud835\udde5\ud835\udddc\ud835\udde1\ud835\uddd7\ud835\uddd4 \ud835\uddd6\ud835\udddb\ud835\uddd4\ud835\udde5\ud835\udddf\ud835\uddd4\ud835\udde6 \ud835\uddd4 \ud835\udde3\ud835\uddd4\ud835\uddd7\ud835\udde5\ud835\uddd8\ud835\udde6, \ud835\udde3\ud835\uddd4\ud835\udde5\ud835\uddd4 \ud835\udde8\ud835\udde1\ud835\uddd4 \ud835\udde0\ud835\uddd8\ud835\udddd\ud835\udde2\ud835\udde5 \ud835\uddd6\ud835\udde5\ud835\udddc\ud835\uddd4\ud835\udde1\ud835\udded\ud835\uddd4 \ud835\uddd4 \ud835\udde6\ud835\udde8\ud835\udde6 \ud835\udddb\ud835\udddc\ud835\udddd\ud835\udde2\ud835\udde6"},"content":{"rendered":"<p>\ud835\ude4b\ud835\ude67\ud835\ude5a\ud835\ude6b\ud835\ude5a\ud835\ude63\ud835\ude5e\ud835\ude67 \ud835\ude58\ud835\ude56\ud835\ude68\ud835\ude64\ud835\ude68 \ud835\ude59\ud835\ude5a \ud835\ude57\ud835\ude6a\ud835\ude61\ud835\ude61\ud835\ude6e\ud835\ude5e\ud835\ude63\ud835\ude5c \ud835\ude5a\ud835\ude63 \ud835\ude61\ud835\ude64\ud835\ude68 \ud835\ude58\ud835\ude64\ud835\ude61\ud835\ude5a\ud835\ude5c\ud835\ude5e\ud835\ude64\ud835\ude68, \ud835\ude5a\ud835\ude68 \ud835\ude5a\ud835\ude61 \ud835\ude65\ud835\ude67\ud835\ude5e\ud835\ude63\ud835\ude58\ud835\ude5e\ud835\ude65\ud835\ude56\ud835\ude61 \ud835\ude64\ud835\ude57\ud835\ude5f\ud835\ude5a\ud835\ude69\ud835\ude5e\ud835\ude6b\ud835\ude64 \ud835\ude59\ud835\ude5a \ud835\ude61\ud835\ude56 \ud835\ude3f\ud835\ude40\ud835\ude48\ud835\ude50\ud835\ude49\ud835\ude3c, \ud835\ude65\ud835\ude56\ud835\ude67\ud835\ude56 \ud835\ude58\ud835\ude64\ud835\ude63\ud835\ude68\ud835\ude5a\ud835\ude67\ud835\ude6b\ud835\ude56\ud835\ude67 \ud835\ude61\ud835\ude56 \ud835\ude68\ud835\ude56\ud835\ude61\ud835\ude6a\ud835\ude59 \ud835\ude5b\ud835\ude5e\u0301\ud835\ude68\ud835\ude5e\ud835\ude58\ud835\ude56 \ud835\ude6e \ud835\ude5a\ud835\ude62\ud835\ude64\ud835\ude58\ud835\ude5e\ud835\ude64\ud835\ude63\ud835\ude56\ud835\ude61 \ud835\ude59\ud835\ude5a \ud835\ude61\ud835\ude64\ud835\ude68 \ud835\ude63\ud835\ude5e\ud835\ude63\u0303\ud835\ude64\ud835\ude68 \ud835\ude6e \ud835\ude56\ud835\ude59\ud835\ude64\ud835\ude61\ud835\ude5a\ud835\ude68\ud835\ude58\ud835\ude5a\ud835\ude63\ud835\ude69\ud835\ude5a\ud835\ude68.<\/p>\n<p>Con el objetivo de concientizar sobre el buen trato familiar, miembros de la instancia distrital de concertaci\u00f3n, para la promoci\u00f3n, sanci\u00f3n y erradicaci\u00f3n de la violencia contra las mujeres e integrantes del grupo familiar y la Municipalidad Distrital de Chilca, a trav\u00e9s de la Defensor\u00eda Municipal del Ni\u00f1o y del Adolescente (DEMUNA), vienen intensificando y fortaleciendo las charlas y capacitaciones dirigido a los padres de familia de las instituciones educativas de todo el distrito.<\/p>\n<p>En esta ocasi\u00f3n se viene brindando el taller denominado &#8220;Pautas de crianza para los hijos\u201d, en la I.E. Jos\u00e9 G\u00e1lvez, donde se busca rescatar la importancia de una convivencia democr\u00e1tica, inclusiva e intercultural, basada en el respeto y el buen trato familiar. Adem\u00e1s, se brindaron pautas para una correcta crianza.<\/p>\n<p>Con din\u00e1micas por parte del personal profesionales de la (DEMUNA), orientar\u00e1n durante todo el mes de octubre a los padres de familia, a saber, diferenciar la disciplina de castigo f\u00edsico y comprender que, as\u00ed como nosotros como adultos tenemos derechos y saberes; tambi\u00e9n se debe fomentar desde casa el buen trato y respeto a los ni\u00f1os y ni\u00f1as.<\/p>\n<p>Cabe se\u00f1alar que ante los \u00faltimos sucesos lamentables y el incremento de casos de bullying en las instituciones educativas, que afecta a la salud f\u00edsica y psicol\u00f3gica de los ni\u00f1os y adolescentes, la comuna Chilca, viene intensificando y fortaleciendo las charlas y capacitaciones a los alumnos de las diversas instituciones educativas; no obstante, a ello, personal municipal recorre casa por casa entregando material informativo para disminuir los casos de este problema social.<\/p>\n<p>Claro est\u00e1 que el bullying puede ocasionar lesiones f\u00edsicas, problemas sociales, problemas emocionales e, incluso, la muerte. Aquellos que son v\u00edctimas de intimidaci\u00f3n tienen mayor riesgo de desarrollar problemas de salud mental, dolores de cabeza y problemas de adaptaci\u00f3n en la escuela; este problema social que viene en incremento, tiene graves consecuencias en la salud mental y emocional de los ni\u00f1os y j\u00f3venes peruanos, desde la perturbaci\u00f3n emocional, generando ansiedad, miedo, depresi\u00f3n hasta la afectaci\u00f3n grave del comportamiento de la v\u00edctima, al sentir el hostigamiento y rechazo social, afectando su imagen, f\u00edsico y reputaci\u00f3n.<\/p>\n<p>\u201cPara prevenir y enfrentar el bullying, es fundamental la ayuda profesional de terapeutas y psic\u00f3logos desde la infancia, tambi\u00e9n es importante tener docentes capacitados para enfrentar el problema, escuela de padres, departamentos de psicolog\u00eda en los colegios y comunicar abiertamente que el bullying es una amenaza a los derechos de los estudiantes\u201d, acot\u00f3. Roc\u00edo G\u00f3mez La Torre, responsable de la (DEMUNA) en Chilca.<\/p>\n","protected":false},"excerpt":{"rendered":"<p>\ud835\ude4b\ud835\ude67\ud835\ude5a\ud835\ude6b\ud835\ude5a\ud835\ude63\ud835\ude5e\ud835\ude67 \ud835\ude58\ud835\ude56\ud835\ude68\ud835\ude64\ud835\ude68 \ud835\ude59\ud835\ude5a \ud835\ude57\ud835\ude6a\ud835\ude61\ud835\ude61\ud835\ude6e\ud835\ude5e\ud835\ude63\ud835\ude5c \ud835\ude5a\ud835\ude63 \ud835\ude61\ud835\ude64\ud835\ude68 \ud835\ude58\ud835\ude64\ud835\ude61\ud835\ude5a\ud835\ude5c\ud835\ude5e\ud835\ude64\ud835\ude68, \ud835\ude5a\ud835\ude68 \ud835\ude5a\ud835\ude61 \ud835\ude65\ud835\ude67\ud835\ude5e\ud835\ude63\ud835\ude58\ud835\ude5e\ud835\ude65\ud835\ude56\ud835\ude61 \ud835\ude64\ud835\ude57\ud835\ude5f\ud835\ude5a\ud835\ude69\ud835\ude5e\ud835\ude6b\ud835\ude64 \ud835\ude59\ud835\ude5a \ud835\ude61\ud835\ude56 \ud835\ude3f\ud835\ude40\ud835\ude48\ud835\ude50\ud835\ude49\ud835\ude3c, \ud835\ude65\ud835\ude56\ud835\ude67\ud835\ude56 \ud835\ude58\ud835\ude64\ud835\ude63\ud835\ude68\ud835\ude5a\ud835\ude67\ud835\ude6b\ud835\ude56\ud835\ude67 \ud835\ude61\ud835\ude56 \ud835\ude68\ud835\ude56\ud835\ude61\ud835\ude6a\ud835\ude59 \ud835\ude5b\ud835\ude5e\u0301\ud835\ude68\ud835\ude5e\ud835\ude58\ud835\ude56 \ud835\ude6e \ud835\ude5a\ud835\ude62\ud835\ude64\ud835\ude58\ud835\ude5e\ud835\ude64\ud835\ude63\ud835\ude56\ud835\ude61 \ud835\ude59\ud835\ude5a \ud835\ude61\ud835\ude64\ud835\ude68 \ud835\ude63\ud835\ude5e\ud835\ude63\u0303\ud835\ude64\ud835\ude68 \ud835\ude6e \ud835\ude56\ud835\ude59\ud835\ude64\ud835\ude61\ud835\ude5a\ud835\ude68\ud835\ude58\ud835\ude5a\ud835\ude63\ud835\ude69\ud835\ude5a\ud835\ude68. Con el objetivo de concientizar sobre el buen trato familiar, miembros de la instancia distrital de concertaci\u00f3n, para la promoci\u00f3n, sanci\u00f3n y erradicaci\u00f3n de la violencia contra las mujeres&#8230;<\/p>\n","protected":false},"author":5,"featured_media":0,"comment_status":"closed","ping_status":"closed","sticky":false,"template":"","format":"image","meta":[],"categories":[80],"tags":[],"_links":{"self":[{"href":"https:\/\/www.munichilca.gob.pe\/site\/wp-json\/wp\/v2\/posts\/7500"}],"collection":[{"href":"https:\/\/www.munichilca.gob.pe\/site\/wp-json\/wp\/v2\/posts"}],"about":[{"href":"https:\/\/www.munichilca.gob.pe\/site\/wp-json\/wp\/v2\/types\/post"}],"author":[{"embeddable":true,"href":"https:\/\/www.munichilca.gob.pe\/site\/wp-json\/wp\/v2\/users\/5"}],"replies":[{"embeddable":true,"href":"https:\/\/www.munichilca.gob.pe\/site\/wp-json\/wp\/v2\/comments?post=7500"}],"version-history":[{"count":1,"href":"https:\/\/www.munichilca.gob.pe\/site\/wp-json\/wp\/v2\/posts\/7500\/revisions"}],"predecessor-version":[{"id":7501,"href":"https:\/\/www.munichilca.gob.pe\/site\/wp-json\/wp\/v2\/posts\/7500\/revisions\/7501"}],"wp:attachment":[{"href":"https:\/\/www.munichilca.gob.pe\/site\/wp-json\/wp\/v2\/media?parent=7500"}],"wp:term":[{"taxonomy":"category","embeddable":true,"href":"https:\/\/www.munichilca.gob.pe\/site\/wp-json\/wp\/v2\/categories?post=7500"},{"taxonomy":"post_tag","embeddable":true,"href":"https:\/\/www.munichilca.gob.pe\/site\/wp-json\/wp\/v2\/tags?post=7500"}],"curies":[{"name":"wp","href":"https:\/\/api.w.org\/{rel}","templated":true}]}}