{"id":7534,"date":"2023-10-13T10:46:37","date_gmt":"2023-10-13T15:46:37","guid":{"rendered":"https:\/\/www.munichilca.gob.pe\/site\/?p=7534"},"modified":"2023-10-13T10:46:37","modified_gmt":"2023-10-13T15:46:37","slug":"%f0%9d%97%a0%f0%9d%97%a8%f0%9d%97%a1%f0%9d%97%9c%f0%9d%97%96%f0%9d%97%9c%f0%9d%97%a3%f0%9d%97%9c%f0%9d%97%a2-%f0%9d%97%96%f0%9d%97%a8%f0%9d%97%a0%f0%9d%97%a3%f0%9d%97%9f%f0%9d%97%98","status":"publish","type":"post","link":"https:\/\/www.munichilca.gob.pe\/site\/2023\/10\/13\/%f0%9d%97%a0%f0%9d%97%a8%f0%9d%97%a1%f0%9d%97%9c%f0%9d%97%96%f0%9d%97%9c%f0%9d%97%a3%f0%9d%97%9c%f0%9d%97%a2-%f0%9d%97%96%f0%9d%97%a8%f0%9d%97%a0%f0%9d%97%a3%f0%9d%97%9f%f0%9d%97%98\/","title":{"rendered":"\ud835\udde0\ud835\udde8\ud835\udde1\ud835\udddc\ud835\uddd6\ud835\udddc\ud835\udde3\ud835\udddc\ud835\udde2 \ud835\uddd6\ud835\udde8\ud835\udde0\ud835\udde3\ud835\udddf\ud835\uddd8 \ud835\udde2\ud835\udde3\ud835\udde2\ud835\udde5\ud835\udde7\ud835\udde8\ud835\udde1\ud835\uddd4\ud835\udde0\ud835\uddd8\ud835\udde1\ud835\udde7\ud835\uddd8 \ud835\uddd6\ud835\udde2\ud835\udde1 \ud835\uddd8\ud835\udde1\ud835\udde7\ud835\udde5\ud835\uddd8\ud835\uddda\ud835\uddd4 \ud835\uddd7\ud835\uddd8 \ud835\uddd4\ud835\udddf\ud835\udddc\ud835\udde0\ud835\uddd8\ud835\udde1\ud835\udde7\ud835\udde2\ud835\udde6 \ud835\uddd4 \ud835\udde0\ud835\uddd4\ud835\uddd7\ud835\udde5\ud835\uddd8\ud835\udde6 \ud835\uddd7\ud835\uddd8\ud835\udddf \ud835\udde3\ud835\udde9\ud835\udddf"},"content":{"rendered":"<p>\ud835\ude3e\ud835\ude64\ud835\ude62\ud835\ude6a\ud835\ude63\ud835\ude56 \ud835\ude58\ud835\ude6a\ud835\ude62\ud835\ude65\ud835\ude61\ud835\ude5a \ud835\ude58\ud835\ude64\ud835\ude63 \ud835\ude5a\ud835\ude63\ud835\ude69\ud835\ude67\ud835\ude5a\ud835\ude5c\ud835\ude56, \ud835\ude58\ud835\ude64\ud835\ude63 \ud835\ude5a\ud835\ude61 \ud835\ude65\ud835\ude67\ud835\ude64\ud835\ude65\ud835\ude64\u0301\ud835\ude68\ud835\ude5e\ud835\ude69\ud835\ude64 \ud835\ude59\ud835\ude5a \ud835\ude56\ud835\ude6e\ud835\ude6a\ud835\ude59\ud835\ude56\ud835\ude67 \ud835\ude56 \ud835\ude5a\ud835\ude61\ud835\ude5a\ud835\ude6b\ud835\ude56\ud835\ude67 \ud835\ude61\ud835\ude64\ud835\ude68 \ud835\ude63\ud835\ude5e\ud835\ude6b\ud835\ude5a\ud835\ude61\ud835\ude5a\ud835\ude68 \ud835\ude59\ud835\ude5a \ud835\ude63\ud835\ude6a\ud835\ude69\ud835\ude67\ud835\ude5e\ud835\ude58\ud835\ude5e\ud835\ude64\u0301\ud835\ude63 \ud835\ude5a\ud835\ude63 \ud835\ude61\ud835\ude56 \ud835\ude65\ud835\ude64\ud835\ude57\ud835\ude61\ud835\ude56\ud835\ude58\ud835\ude5e\ud835\ude64\u0301\ud835\ude63 \ud835\ude6b\ud835\ude6a\ud835\ude61\ud835\ude63\ud835\ude5a\ud835\ude67\ud835\ude56\ud835\ude57\ud835\ude61\ud835\ude5a \ud835\ude59\ud835\ude5a \ud835\ude65\ud835\ude64\ud835\ude57\ud835\ude67\ud835\ude5a\ud835\ude6f\ud835\ude56 \ud835\ude6e \ud835\ude5a\ud835\ude6d\ud835\ude69\ud835\ude67\ud835\ude5a\ud835\ude62\ud835\ude56 \ud835\ude65\ud835\ude64\ud835\ude57\ud835\ude67\ud835\ude5a\ud835\ude6f\ud835\ude56.<\/p>\n<p>Continuando en contribuir a mejorar el nivel nutricional y la calidad de vida de la poblaci\u00f3n vulnerable, la Municipalidad Distrital de Chilca, a trav\u00e9s de la Gerencia de desarrollo Social y el Programa del Vaso de Leche (PVL), cumpli\u00f3 satisfactoriamente la entrega de la raci\u00f3n mensual de los productos a los 3 883 beneficiarios de los 90 comit\u00e9s sub divididos en 4 sectores ubicados en Azapampa, La Esperanza, Auquimarca y Chilca centro.<\/p>\n<p>La entrega mensual de estos productos es a domicilio, que consta de 4 tarros leche y 3 bolsas de avena para cada beneficiario como son, las madres gestantes, lactantes y ni\u00f1os menores 7 a\u00f1os con la finalidad de reducir la mortalidad infantil, mejorar la desnutrici\u00f3n, peligro de desnutrici\u00f3n y riesgo alimentario; sobre toso satisfacer las necesidades nutricionales de los beneficiarios del (PVL).<\/p>\n<p>A su turno, el gerente de desarrollo social de la comuna de Chilca, Roly Remuzgo Pait\u00e1n, puntualiz\u00f3 que \u201cEl Programa del Vaso de Leche (PVL), es un programa social creado para proveer apoyo en la alimentaci\u00f3n a trav\u00e9s de la entrega de una raci\u00f3n diaria de alimentos a una poblaci\u00f3n considerada vulnerable, con el prop\u00f3sito de ayudar a elevar los niveles de nutrici\u00f3n en la poblaci\u00f3n vulnerable de pobreza y extrema pobreza, por tal motivo siempre estamos en coordinaci\u00f3n con las presidentas y representantes para entregar a tiempo estos alimentos que proporciona el estado\u201d.<\/p>\n<p>Cabe resaltar que el personal municipal de la comuna de Chilca, realiza las entregas de los productos a los domicilios de las presidentas de los 90 comit\u00e9s ubicados en los diversos sectores, quienes son las encargadas de distribuir a las madres beneficiarias de su sector.<\/p>\n<p>Por su parte, las madres se mostraron agradecidas de que se haya tomado en cuenta, esta estrategia implementada por el alcalde C\u00e9sar Damas, que ha permitido un ahorro en los gastos de flete, pasajes y tiempo. \u201cEs una verdadera pr\u00e1ctica de inclusi\u00f3n con quienes menos tenemos\u201d, se\u00f1alaron las beneficiarias.<\/p>\n<p>Por su parte, el burgomaestre indic\u00f3 que a trav\u00e9s de la Gerencia de Desarrollo Social se sienten satisfechos de que se hayan cumplido con las expectativas de las mam\u00e1s de bajos recursos econ\u00f3micos, quienes seg\u00fan refiri\u00f3, son la base fundamental del distrito.<\/p>\n","protected":false},"excerpt":{"rendered":"<p>\ud835\ude3e\ud835\ude64\ud835\ude62\ud835\ude6a\ud835\ude63\ud835\ude56 \ud835\ude58\ud835\ude6a\ud835\ude62\ud835\ude65\ud835\ude61\ud835\ude5a \ud835\ude58\ud835\ude64\ud835\ude63 \ud835\ude5a\ud835\ude63\ud835\ude69\ud835\ude67\ud835\ude5a\ud835\ude5c\ud835\ude56, \ud835\ude58\ud835\ude64\ud835\ude63 \ud835\ude5a\ud835\ude61 \ud835\ude65\ud835\ude67\ud835\ude64\ud835\ude65\ud835\ude64\u0301\ud835\ude68\ud835\ude5e\ud835\ude69\ud835\ude64 \ud835\ude59\ud835\ude5a \ud835\ude56\ud835\ude6e\ud835\ude6a\ud835\ude59\ud835\ude56\ud835\ude67 \ud835\ude56 \ud835\ude5a\ud835\ude61\ud835\ude5a\ud835\ude6b\ud835\ude56\ud835\ude67 \ud835\ude61\ud835\ude64\ud835\ude68 \ud835\ude63\ud835\ude5e\ud835\ude6b\ud835\ude5a\ud835\ude61\ud835\ude5a\ud835\ude68 \ud835\ude59\ud835\ude5a \ud835\ude63\ud835\ude6a\ud835\ude69\ud835\ude67\ud835\ude5e\ud835\ude58\ud835\ude5e\ud835\ude64\u0301\ud835\ude63 \ud835\ude5a\ud835\ude63 \ud835\ude61\ud835\ude56 \ud835\ude65\ud835\ude64\ud835\ude57\ud835\ude61\ud835\ude56\ud835\ude58\ud835\ude5e\ud835\ude64\u0301\ud835\ude63 \ud835\ude6b\ud835\ude6a\ud835\ude61\ud835\ude63\ud835\ude5a\ud835\ude67\ud835\ude56\ud835\ude57\ud835\ude61\ud835\ude5a \ud835\ude59\ud835\ude5a \ud835\ude65\ud835\ude64\ud835\ude57\ud835\ude67\ud835\ude5a\ud835\ude6f\ud835\ude56 \ud835\ude6e \ud835\ude5a\ud835\ude6d\ud835\ude69\ud835\ude67\ud835\ude5a\ud835\ude62\ud835\ude56 \ud835\ude65\ud835\ude64\ud835\ude57\ud835\ude67\ud835\ude5a\ud835\ude6f\ud835\ude56. Continuando en contribuir a mejorar el nivel nutricional y la calidad de vida de la poblaci\u00f3n vulnerable, la Municipalidad Distrital de Chilca, a trav\u00e9s de la Gerencia de desarrollo Social y&#8230;<\/p>\n","protected":false},"author":5,"featured_media":0,"comment_status":"closed","ping_status":"closed","sticky":false,"template":"","format":"image","meta":[],"categories":[80],"tags":[],"_links":{"self":[{"href":"https:\/\/www.munichilca.gob.pe\/site\/wp-json\/wp\/v2\/posts\/7534"}],"collection":[{"href":"https:\/\/www.munichilca.gob.pe\/site\/wp-json\/wp\/v2\/posts"}],"about":[{"href":"https:\/\/www.munichilca.gob.pe\/site\/wp-json\/wp\/v2\/types\/post"}],"author":[{"embeddable":true,"href":"https:\/\/www.munichilca.gob.pe\/site\/wp-json\/wp\/v2\/users\/5"}],"replies":[{"embeddable":true,"href":"https:\/\/www.munichilca.gob.pe\/site\/wp-json\/wp\/v2\/comments?post=7534"}],"version-history":[{"count":1,"href":"https:\/\/www.munichilca.gob.pe\/site\/wp-json\/wp\/v2\/posts\/7534\/revisions"}],"predecessor-version":[{"id":7535,"href":"https:\/\/www.munichilca.gob.pe\/site\/wp-json\/wp\/v2\/posts\/7534\/revisions\/7535"}],"wp:attachment":[{"href":"https:\/\/www.munichilca.gob.pe\/site\/wp-json\/wp\/v2\/media?parent=7534"}],"wp:term":[{"taxonomy":"category","embeddable":true,"href":"https:\/\/www.munichilca.gob.pe\/site\/wp-json\/wp\/v2\/categories?post=7534"},{"taxonomy":"post_tag","embeddable":true,"href":"https:\/\/www.munichilca.gob.pe\/site\/wp-json\/wp\/v2\/tags?post=7534"}],"curies":[{"name":"wp","href":"https:\/\/api.w.org\/{rel}","templated":true}]}}