{"id":7536,"date":"2023-10-13T10:44:41","date_gmt":"2023-10-13T15:44:41","guid":{"rendered":"https:\/\/www.munichilca.gob.pe\/site\/?p=7536"},"modified":"2023-10-13T10:44:41","modified_gmt":"2023-10-13T15:44:41","slug":"%f0%9d%97%96%f0%9d%97%9b%f0%9d%97%9c%f0%9d%97%9f%f0%9d%97%96%f0%9d%97%94-%f0%9d%97%95%f0%9d%97%a8%f0%9d%97%a6%f0%9d%97%96%f0%9d%97%94-%f0%9d%97%a5%f0%9d%97%98%f0%9d%97%97%f0%9d%97%a8%f0%9d%97%96","status":"publish","type":"post","link":"https:\/\/www.munichilca.gob.pe\/site\/2023\/10\/13\/%f0%9d%97%96%f0%9d%97%9b%f0%9d%97%9c%f0%9d%97%9f%f0%9d%97%96%f0%9d%97%94-%f0%9d%97%95%f0%9d%97%a8%f0%9d%97%a6%f0%9d%97%96%f0%9d%97%94-%f0%9d%97%a5%f0%9d%97%98%f0%9d%97%97%f0%9d%97%a8%f0%9d%97%96\/","title":{"rendered":"\ud835\uddd6\ud835\udddb\ud835\udddc\ud835\udddf\ud835\uddd6\ud835\uddd4 \ud835\uddd5\ud835\udde8\ud835\udde6\ud835\uddd6\ud835\uddd4 \ud835\udde5\ud835\uddd8\ud835\uddd7\ud835\udde8\ud835\uddd6\ud835\udddc\ud835\udde5 \ud835\udddf\ud835\uddd4 \ud835\uddd4\ud835\udde1\ud835\uddd8\ud835\udde0\ud835\udddc\ud835\uddd4 \ud835\uddec \ud835\uddd7\ud835\uddd8\ud835\udde6\ud835\udde1\ud835\udde8\ud835\udde7\ud835\udde5\ud835\udddc\ud835\uddd6\ud835\udddc\u00d3\ud835\udde1 \ud835\udddc\ud835\udde1\ud835\uddd9\ud835\uddd4\ud835\udde1\ud835\udde7\ud835\udddc\ud835\udddf"},"content":{"rendered":"<p>\ud835\ude3c\ud835\ude58\ud835\ude69\ud835\ude64\ud835\ude67\ud835\ude5a\ud835\ude68 \ud835\ude68\ud835\ude64\ud835\ude58\ud835\ude5e\ud835\ude56\ud835\ude61\ud835\ude5a\ud835\ude68 \ud835\ude6b\ud835\ude5e\ud835\ude5a\ud835\ude63\ud835\ude5a\ud835\ude63 \ud835\ude67\ud835\ude5a\ud835\ude56\ud835\ude61\ud835\ude5e\ud835\ude6f\ud835\ude56\ud835\ude63\ud835\ude59\ud835\ude64 \ud835\ude6b\ud835\ude5e\ud835\ude68\ud835\ude5e\ud835\ude69\ud835\ude56\ud835\ude68 \ud835\ude5a\ud835\ude68\ud835\ude69\ud835\ude67\ud835\ude56\ud835\ude69\ud835\ude5a\u0301\ud835\ude5c\ud835\ude5e\ud835\ude58\ud835\ude56\ud835\ude68 \ud835\ude59\ud835\ude64\ud835\ude62\ud835\ude5e\ud835\ude58\ud835\ude5e\ud835\ude61\ud835\ude5e\ud835\ude56\ud835\ude67\ud835\ude5e\ud835\ude56\ud835\ude68 \ud835\ude65\ud835\ude56\ud835\ude67\ud835\ude56 \ud835\ude57\ud835\ude67\ud835\ude5e\ud835\ude63\ud835\ude59\ud835\ude56\ud835\ude67 \ud835\ude58\ud835\ude56\ud835\ude65\ud835\ude56\ud835\ude58\ud835\ude5e\ud835\ude69\ud835\ude56\ud835\ude58\ud835\ude5e\ud835\ude64\ud835\ude63\ud835\ude5a\ud835\ude68 \ud835\ude59\ud835\ude5a\ud835\ude61 \ud835\ude58\ud835\ude6a\ud835\ude5e\ud835\ude59\ud835\ude56\ud835\ude59\ud835\ude64 \ud835\ude6e \ud835\ude56\ud835\ude61\ud835\ude5e\ud835\ude62\ud835\ude5a\ud835\ude63\ud835\ude69\ud835\ude56\ud835\ude58\ud835\ude5e\ud835\ude64\u0301\ud835\ude63.<\/p>\n<p>Las autoridades de la Municipalidad Distrital de Chilca, informaron que en el distrito hay un total de 140 ni\u00f1os y ni\u00f1as moradores menores de un a\u00f1o, quienes se sometieron a al tamizaje de anemia y desnutrici\u00f3n, dando como resultado que 29 tienen anemia (24 leve y 5 moderada), y 20 muestran desnutrici\u00f3n cr\u00f3nica, representando el 29,9% y 18,9%, de la poblaci\u00f3n infantil, respectivamente.<\/p>\n<p>En tal sentido, el alcalde distrital C\u00e9sar Damas, puso en marcha el plan de ampliar su cobertura de lucha contra anemia y desnutrici\u00f3n, que corresponde en informar sobre la gravedad de la anemia y desnutrici\u00f3n; acciones que contempla el Plan de Emergencia de lucha contra la anemia en el distrito de Chilca.<\/p>\n<p>El trabajo de los actores sociales, promotores de salud y madres lideresas, se busca beneficiar con visitas domiciliarias a m\u00e1s ni\u00f1os y familias con charlas, capacitaciones y sesiones demostrativas en pr\u00e1cticas saludables como una intervenci\u00f3n estrat\u00e9gica gestionada por la Municipalidad, a trav\u00e9s de las actoras sociales.<\/p>\n<p>Cabe se\u00f1alar que, para contribuir al adecuado crecimiento y \u00f3ptimo desarrollo de ni\u00f1os menores de 12 meses, madres gestantes y mujeres adolescentes, son capacitadas en lactancia materna, lavado de manos, cumplimiento con las vacunas, control de crecimiento y desarrollo, apego seguro, alimentaci\u00f3n complementaria y el aprendizaje a trav\u00e9s del juego; todo esto con el objetivo de reducir los \u00edndices desnutrici\u00f3n de anemia infantil.<\/p>\n<p>\u201cNuestros actores sociales, correctamente informados, visitar\u00e1n tres veces al mes las casas de cerca de 300 ni\u00f1os cuyas edades fluct\u00faan de 0 a 1 a\u00f1o y que est\u00e9n inscritos en el Seguro Integral de Salud SIS, para monitorear y prevenir la anemia; en caso se encuentra a un menor con anemia ser\u00e1 derivado inmediatamente al centro de salud m\u00e1s cercano a su domicilio donde se le brindar\u00e1 el tratamiento gratuito y oportuno\u201d puntualiz\u00f3 Roly Remuzgo, gerente de Desarrollo Social de la Municipalidad de Chilca.<\/p>\n<p>\u201cLos actores sociales, tambi\u00e9n realizar\u00e1n charlas de lactancia materna, de vacunaci\u00f3n y control de crecimiento de los menores y se reforzar\u00e1 los mensajes para el buen uso de las gotas de hierro y los micronutrientes para prevenir la anemia\u201d, finaliz\u00f3 el funcionario.<\/p>\n","protected":false},"excerpt":{"rendered":"<p>\ud835\ude3c\ud835\ude58\ud835\ude69\ud835\ude64\ud835\ude67\ud835\ude5a\ud835\ude68 \ud835\ude68\ud835\ude64\ud835\ude58\ud835\ude5e\ud835\ude56\ud835\ude61\ud835\ude5a\ud835\ude68 \ud835\ude6b\ud835\ude5e\ud835\ude5a\ud835\ude63\ud835\ude5a\ud835\ude63 \ud835\ude67\ud835\ude5a\ud835\ude56\ud835\ude61\ud835\ude5e\ud835\ude6f\ud835\ude56\ud835\ude63\ud835\ude59\ud835\ude64 \ud835\ude6b\ud835\ude5e\ud835\ude68\ud835\ude5e\ud835\ude69\ud835\ude56\ud835\ude68 \ud835\ude5a\ud835\ude68\ud835\ude69\ud835\ude67\ud835\ude56\ud835\ude69\ud835\ude5a\u0301\ud835\ude5c\ud835\ude5e\ud835\ude58\ud835\ude56\ud835\ude68 \ud835\ude59\ud835\ude64\ud835\ude62\ud835\ude5e\ud835\ude58\ud835\ude5e\ud835\ude61\ud835\ude5e\ud835\ude56\ud835\ude67\ud835\ude5e\ud835\ude56\ud835\ude68 \ud835\ude65\ud835\ude56\ud835\ude67\ud835\ude56 \ud835\ude57\ud835\ude67\ud835\ude5e\ud835\ude63\ud835\ude59\ud835\ude56\ud835\ude67 \ud835\ude58\ud835\ude56\ud835\ude65\ud835\ude56\ud835\ude58\ud835\ude5e\ud835\ude69\ud835\ude56\ud835\ude58\ud835\ude5e\ud835\ude64\ud835\ude63\ud835\ude5a\ud835\ude68 \ud835\ude59\ud835\ude5a\ud835\ude61 \ud835\ude58\ud835\ude6a\ud835\ude5e\ud835\ude59\ud835\ude56\ud835\ude59\ud835\ude64 \ud835\ude6e \ud835\ude56\ud835\ude61\ud835\ude5e\ud835\ude62\ud835\ude5a\ud835\ude63\ud835\ude69\ud835\ude56\ud835\ude58\ud835\ude5e\ud835\ude64\u0301\ud835\ude63. Las autoridades de la Municipalidad Distrital de Chilca, informaron que en el distrito hay un total de 140 ni\u00f1os y ni\u00f1as moradores menores de un a\u00f1o, quienes se sometieron a al tamizaje de anemia y desnutrici\u00f3n, dando como resultado que 29&#8230;<\/p>\n","protected":false},"author":5,"featured_media":0,"comment_status":"closed","ping_status":"closed","sticky":false,"template":"","format":"image","meta":[],"categories":[80],"tags":[],"_links":{"self":[{"href":"https:\/\/www.munichilca.gob.pe\/site\/wp-json\/wp\/v2\/posts\/7536"}],"collection":[{"href":"https:\/\/www.munichilca.gob.pe\/site\/wp-json\/wp\/v2\/posts"}],"about":[{"href":"https:\/\/www.munichilca.gob.pe\/site\/wp-json\/wp\/v2\/types\/post"}],"author":[{"embeddable":true,"href":"https:\/\/www.munichilca.gob.pe\/site\/wp-json\/wp\/v2\/users\/5"}],"replies":[{"embeddable":true,"href":"https:\/\/www.munichilca.gob.pe\/site\/wp-json\/wp\/v2\/comments?post=7536"}],"version-history":[{"count":2,"href":"https:\/\/www.munichilca.gob.pe\/site\/wp-json\/wp\/v2\/posts\/7536\/revisions"}],"predecessor-version":[{"id":7542,"href":"https:\/\/www.munichilca.gob.pe\/site\/wp-json\/wp\/v2\/posts\/7536\/revisions\/7542"}],"wp:attachment":[{"href":"https:\/\/www.munichilca.gob.pe\/site\/wp-json\/wp\/v2\/media?parent=7536"}],"wp:term":[{"taxonomy":"category","embeddable":true,"href":"https:\/\/www.munichilca.gob.pe\/site\/wp-json\/wp\/v2\/categories?post=7536"},{"taxonomy":"post_tag","embeddable":true,"href":"https:\/\/www.munichilca.gob.pe\/site\/wp-json\/wp\/v2\/tags?post=7536"}],"curies":[{"name":"wp","href":"https:\/\/api.w.org\/{rel}","templated":true}]}}