{"id":7567,"date":"2023-10-17T11:50:48","date_gmt":"2023-10-17T16:50:48","guid":{"rendered":"https:\/\/www.munichilca.gob.pe\/site\/?p=7567"},"modified":"2023-10-17T11:50:48","modified_gmt":"2023-10-17T16:50:48","slug":"%f0%9d%97%a0%f0%9d%97%a8%f0%9d%97%a1%f0%9d%97%9c%f0%9d%97%96%f0%9d%97%9c%f0%9d%97%a3%f0%9d%97%9c%f0%9d%97%a2-%f0%9d%97%97%f0%9d%97%98-%f0%9d%97%96%f0%9d%97%9b%f0%9d%97%9c%f0%9d%97%9f%f0%9d%97%96-12","status":"publish","type":"post","link":"https:\/\/www.munichilca.gob.pe\/site\/2023\/10\/17\/%f0%9d%97%a0%f0%9d%97%a8%f0%9d%97%a1%f0%9d%97%9c%f0%9d%97%96%f0%9d%97%9c%f0%9d%97%a3%f0%9d%97%9c%f0%9d%97%a2-%f0%9d%97%97%f0%9d%97%98-%f0%9d%97%96%f0%9d%97%9b%f0%9d%97%9c%f0%9d%97%9f%f0%9d%97%96-12\/","title":{"rendered":"\ud835\udde0\ud835\udde8\ud835\udde1\ud835\udddc\ud835\uddd6\ud835\udddc\ud835\udde3\ud835\udddc\ud835\udde2 \ud835\uddd7\ud835\uddd8 \ud835\uddd6\ud835\udddb\ud835\udddc\ud835\udddf\ud835\uddd6\ud835\uddd4, \ud835\uddd6\ud835\udde2\ud835\udde1\ud835\udde0\ud835\uddd8\ud835\udde0\ud835\udde2\ud835\udde5\ud835\uddd4 \ud835\uddd8\ud835\udddf \ud835\uddd7\u00cd\ud835\uddd4 \ud835\uddd7\ud835\uddd8 \ud835\udddf\ud835\uddd4 \ud835\udde3\ud835\uddd8\ud835\udde5\ud835\udde6\ud835\udde2\ud835\udde1\ud835\uddd4 \ud835\uddd6\ud835\udde2\ud835\udde1 \ud835\uddd7\ud835\udddc\ud835\udde6\ud835\uddd6\ud835\uddd4\ud835\udde3\ud835\uddd4\ud835\uddd6\ud835\udddc\ud835\uddd7\ud835\uddd4\ud835\uddd7"},"content":{"rendered":"<p>\ud835\ude40\ud835\ude68\ud835\ude69\ud835\ude5a 16 \ud835\ude59\ud835\ude5a \ud835\ude64\ud835\ude58\ud835\ude69\ud835\ude6a\ud835\ude57\ud835\ude67\ud835\ude5a \ud835\ude68\ud835\ude5a \ud835\ude58\ud835\ude5a\ud835\ude61\ud835\ude5a\ud835\ude57\ud835\ude67\ud835\ude56 \ud835\ude56 \ud835\ude63\ud835\ude5e\ud835\ude6b\ud835\ude5a\ud835\ude61 \ud835\ude63\ud835\ude56\ud835\ude58\ud835\ude5e\ud835\ude64\ud835\ude63\ud835\ude56\ud835\ude61 \ud835\ude59\ud835\ude64\ud835\ude63\ud835\ude59\ud835\ude5a \ud835\ude68\ud835\ude5a \ud835\ude67\ud835\ude5a\ud835\ude68\ud835\ude56\ud835\ude61\ud835\ude69\ud835\ude56 \ud835\ude5a\ud835\ude61 \ud835\ude67\ud835\ude5a\ud835\ude58\ud835\ude64\ud835\ude63\ud835\ude64\ud835\ude58\ud835\ude5e\ud835\ude62\ud835\ude5e\ud835\ude5a\ud835\ude63\ud835\ude69\ud835\ude64 \ud835\ude59\ud835\ude5a \ud835\ude68\ud835\ude6a\ud835\ude68 \ud835\ude59\ud835\ude5a\ud835\ude67\ud835\ude5a\ud835\ude58\ud835\ude5d\ud835\ude64\ud835\ude68 \ud835\ude5a \ud835\ude5e\ud835\ude63\ud835\ude58\ud835\ude61\ud835\ude6a\ud835\ude68\ud835\ude5e\ud835\ude64\u0301\ud835\ude63 \ud835\ude68\ud835\ude64\ud835\ude58\ud835\ude5e\ud835\ude56\ud835\ude61.<\/p>\n<p>En el Per\u00fa conmemoramos el 16 de octubre como el D\u00eda Nacional de la Persona con Discapacidad, con la finalidad de reflexionar y tomar conciencia sobre los derechos, necesidades y oportunidades que tienen las personas con discapacidad, para eliminar todo obst\u00e1culo que se oponga a su plena integraci\u00f3n.<\/p>\n<p>Por tal motivo en el marco del D\u00eda Nacional de la Persona con Discapacidad, la Municipalidad Distrital de Chilca, a trav\u00e9s de la Oficina Municipal de Atenci\u00f3n a las Personas con Discapacidad (OMPAED), celebrar\u00e1 con shows art\u00edsticos entre otras actividades programadas el d\u00eda viernes 20 de octubre a partir de las 9 de la ma\u00f1ana en el museo de la memoria \u201cYalpanahuasi\u201d.<\/p>\n<p>Evento donde participar\u00e1n instituciones como el Consejo Nacional para la Integraci\u00f3n de la Persona con Discapacidad (CONADIS), Centro de Emergencia Mujer (CEM), la organizaci\u00f3n no gubernamental (ONG) CMMB y la asociaci\u00f3n de la persona con discapacidad.<\/p>\n<p>La conmemoraci\u00f3n de esta fecha busca concientizar sobre los derechos de las personas con discapacidad. Es decir, aquellas que tienen una o m\u00e1s deficiencias f\u00edsicas, sensoriales, mentales o intelectuales de car\u00e1cter permanente.<\/p>\n<p>El gerente de desarrollo Social de la comuna de Chilca, Roly Remuzgo, manifest\u00f3 que junto con otros programas sociales de la comuna chilquense, la OMAPED contin\u00faa brindando apoyo a las personas con discapacidad, mediante talleres de capacitaci\u00f3n y charlas informativas para difundir la Ley 29973 (Ley General de la Persona con Discapacidad.<\/p>\n<p>\u201cLa discapacidad ha pasado por muchos enfoques limitantes hasta llegar a ser, hoy en d\u00eda, un tema de derechos humanos que compromete al Estado y la sociedad para velar por una real inclusi\u00f3n que permita su acceso en igualdad de condiciones a una vida libre, independiente y digna\u201d, finaliz\u00f3 el funcionario edil.<br \/>\nCabe resaltar que, en el d\u00eda de la persona con discapacidad en el Per\u00fa, se puede contribuir difundiendo en familia y en nuestro entorno social el verdadero significado de la discapacidad. Adem\u00e1s de usar y ense\u00f1ar las terminolog\u00edas correctas, e inform\u00e1ndonos sobre c\u00f3mo podemos promover la inclusi\u00f3n.<\/p>\n","protected":false},"excerpt":{"rendered":"<p>\ud835\ude40\ud835\ude68\ud835\ude69\ud835\ude5a 16 \ud835\ude59\ud835\ude5a \ud835\ude64\ud835\ude58\ud835\ude69\ud835\ude6a\ud835\ude57\ud835\ude67\ud835\ude5a \ud835\ude68\ud835\ude5a \ud835\ude58\ud835\ude5a\ud835\ude61\ud835\ude5a\ud835\ude57\ud835\ude67\ud835\ude56 \ud835\ude56 \ud835\ude63\ud835\ude5e\ud835\ude6b\ud835\ude5a\ud835\ude61 \ud835\ude63\ud835\ude56\ud835\ude58\ud835\ude5e\ud835\ude64\ud835\ude63\ud835\ude56\ud835\ude61 \ud835\ude59\ud835\ude64\ud835\ude63\ud835\ude59\ud835\ude5a \ud835\ude68\ud835\ude5a \ud835\ude67\ud835\ude5a\ud835\ude68\ud835\ude56\ud835\ude61\ud835\ude69\ud835\ude56 \ud835\ude5a\ud835\ude61 \ud835\ude67\ud835\ude5a\ud835\ude58\ud835\ude64\ud835\ude63\ud835\ude64\ud835\ude58\ud835\ude5e\ud835\ude62\ud835\ude5e\ud835\ude5a\ud835\ude63\ud835\ude69\ud835\ude64 \ud835\ude59\ud835\ude5a \ud835\ude68\ud835\ude6a\ud835\ude68 \ud835\ude59\ud835\ude5a\ud835\ude67\ud835\ude5a\ud835\ude58\ud835\ude5d\ud835\ude64\ud835\ude68 \ud835\ude5a \ud835\ude5e\ud835\ude63\ud835\ude58\ud835\ude61\ud835\ude6a\ud835\ude68\ud835\ude5e\ud835\ude64\u0301\ud835\ude63 \ud835\ude68\ud835\ude64\ud835\ude58\ud835\ude5e\ud835\ude56\ud835\ude61. En el Per\u00fa conmemoramos el 16 de octubre como el D\u00eda Nacional de la Persona con Discapacidad, con la finalidad de reflexionar y tomar conciencia sobre los derechos, necesidades y oportunidades que tienen las personas&#8230;<\/p>\n","protected":false},"author":5,"featured_media":7578,"comment_status":"closed","ping_status":"closed","sticky":false,"template":"","format":"image","meta":[],"categories":[80],"tags":[],"_links":{"self":[{"href":"https:\/\/www.munichilca.gob.pe\/site\/wp-json\/wp\/v2\/posts\/7567"}],"collection":[{"href":"https:\/\/www.munichilca.gob.pe\/site\/wp-json\/wp\/v2\/posts"}],"about":[{"href":"https:\/\/www.munichilca.gob.pe\/site\/wp-json\/wp\/v2\/types\/post"}],"author":[{"embeddable":true,"href":"https:\/\/www.munichilca.gob.pe\/site\/wp-json\/wp\/v2\/users\/5"}],"replies":[{"embeddable":true,"href":"https:\/\/www.munichilca.gob.pe\/site\/wp-json\/wp\/v2\/comments?post=7567"}],"version-history":[{"count":1,"href":"https:\/\/www.munichilca.gob.pe\/site\/wp-json\/wp\/v2\/posts\/7567\/revisions"}],"predecessor-version":[{"id":7569,"href":"https:\/\/www.munichilca.gob.pe\/site\/wp-json\/wp\/v2\/posts\/7567\/revisions\/7569"}],"wp:featuredmedia":[{"embeddable":true,"href":"https:\/\/www.munichilca.gob.pe\/site\/wp-json\/wp\/v2\/media\/7578"}],"wp:attachment":[{"href":"https:\/\/www.munichilca.gob.pe\/site\/wp-json\/wp\/v2\/media?parent=7567"}],"wp:term":[{"taxonomy":"category","embeddable":true,"href":"https:\/\/www.munichilca.gob.pe\/site\/wp-json\/wp\/v2\/categories?post=7567"},{"taxonomy":"post_tag","embeddable":true,"href":"https:\/\/www.munichilca.gob.pe\/site\/wp-json\/wp\/v2\/tags?post=7567"}],"curies":[{"name":"wp","href":"https:\/\/api.w.org\/{rel}","templated":true}]}}