{"id":7579,"date":"2023-10-20T09:56:18","date_gmt":"2023-10-20T14:56:18","guid":{"rendered":"https:\/\/www.munichilca.gob.pe\/site\/?p=7579"},"modified":"2023-10-25T12:06:29","modified_gmt":"2023-10-25T17:06:29","slug":"%f0%9d%97%a0%f0%9d%97%a8%f0%9d%97%a1%f0%9d%97%9c%f0%9d%97%96%f0%9d%97%9c%f0%9d%97%a3%f0%9d%97%9c%f0%9d%97%a2-%f0%9d%97%97%f0%9d%97%98-%f0%9d%97%96%f0%9d%97%9b%f0%9d%97%9c%f0%9d%97%9f%f0%9d%97%96-12-2","status":"publish","type":"post","link":"https:\/\/www.munichilca.gob.pe\/site\/2023\/10\/20\/%f0%9d%97%a0%f0%9d%97%a8%f0%9d%97%a1%f0%9d%97%9c%f0%9d%97%96%f0%9d%97%9c%f0%9d%97%a3%f0%9d%97%9c%f0%9d%97%a2-%f0%9d%97%97%f0%9d%97%98-%f0%9d%97%96%f0%9d%97%9b%f0%9d%97%9c%f0%9d%97%9f%f0%9d%97%96-12-2\/","title":{"rendered":"\ud835\uddd6\ud835\udde2\ud835\udde0\ud835\udde8\ud835\udde1\ud835\uddd4 \ud835\uddd7\ud835\uddd8 \ud835\uddd6\ud835\udddb\ud835\udddc\ud835\udddf\ud835\uddd6\ud835\uddd4 \ud835\udde3\ud835\udde5\ud835\udde2\ud835\udde7\ud835\uddd8G\ud835\uddd8 \ud835\uddd9\ud835\uddd4\ud835\udddd\ud835\uddd4 \ud835\udde0\ud835\uddd4\ud835\udde5\ud835\uddda\ud835\udddc\ud835\udde1\ud835\uddd4\ud835\udddf \ud835\uddd7\ud835\uddd8\ud835\udddf \ud835\udde5\u00cd\ud835\udde2 \ud835\udde0\ud835\uddd4\ud835\udde1\ud835\udde7\ud835\uddd4\ud835\udde5\ud835\udde2, \ud835\udde3\ud835\udde2\ud835\udde5 \ud835\udde6\ud835\uddd8\ud835\udde5 \ud835\udddc\ud835\udde1\ud835\udde7\ud835\uddd4\ud835\udde1\ud835\uddda\ud835\udddc\ud835\uddd5\ud835\udddf\ud835\uddd8"},"content":{"rendered":"<p>\ud835\ude47\ud835\ude56\ud835\ude68 \ud835\ude5b\ud835\ude56\ud835\ude5f\ud835\ude56\ud835\ude68 \ud835\ude62\ud835\ude56\ud835\ude67\ud835\ude5c\ud835\ude5e\ud835\ude63\ud835\ude56\ud835\ude61\ud835\ude5a\ud835\ude68 \ud835\ude68\ud835\ude64\ud835\ude63 \ud835\ude56\u0301\ud835\ude67\ud835\ude5a\ud835\ude56\ud835\ude68 \ud835\ude5e\ud835\ude63\ud835\ude69\ud835\ude56\ud835\ude63\ud835\ude5c\ud835\ude5e\ud835\ude57\ud835\ude61\ud835\ude5a\ud835\ude68 \ud835\ude59\ud835\ude64\ud835\ude63\ud835\ude59\ud835\ude5a \ud835\ude5a\ud835\ude68\ud835\ude69\ud835\ude56\u0301 \ud835\ude65\ud835\ude67\ud835\ude64\ud835\ude5d\ud835\ude5e\ud835\ude57\ud835\ude5e\ud835\ude59\ud835\ude64 \ud835\ude5a\ud835\ude5b\ud835\ude5a\ud835\ude58\ud835\ude69\ud835\ude6a\ud835\ude56\ud835\ude67 \ud835\ude56\ud835\ude58\ud835\ude69\ud835\ude5e\ud835\ude6b\ud835\ude5e\ud835\ude59\ud835\ude56\ud835\ude59\ud835\ude5a\ud835\ude68 \ud835\ude56\ud835\ude5c\ud835\ude67\ud835\ude5e\u0301\ud835\ude58\ud835\ude64\ud835\ude61\ud835\ude56\ud835\ude68, \ud835\ude6b\ud835\ude5e\ud835\ude6b\ud835\ude5e\ud835\ude5a\ud835\ude63\ud835\ude59\ud835\ude56\ud835\ude68 \ud835\ude64 \ud835\ude58\ud835\ude6a\ud835\ude56\ud835\ude61\ud835\ude66\ud835\ude6a\ud835\ude5e\ud835\ude5a\ud835\ude67 \ud835\ude64\ud835\ude69\ud835\ude67\ud835\ude56 \ud835\ude62\ud835\ude64\ud835\ude59\ud835\ude56\ud835\ude61\ud835\ude5e\ud835\ude59\ud835\ude56\ud835\ude59 \ud835\ude59\ud835\ude5a \ud835\ude64\ud835\ude58\ud835\ude6a\ud835\ude65\ud835\ude56\ud835\ude58\ud835\ude5e\ud835\ude64\u0301\ud835\ude63 \ud835\ude65\ud835\ude64\ud835\ude57\ud835\ude61\ud835\ude56\ud835\ude58\ud835\ude5e\ud835\ude64\ud835\ude63\ud835\ude56\ud835\ude61.<\/p>\n<p>Seg\u00fan la Ley de Recursos H\u00eddricos, las fajas marginales son espacios en las riberas de las fuentes de agua delimitados por la Autoridad Nacional del Agua (ANA) para la protecci\u00f3n del recurso h\u00eddrico, en donde se proh\u00edben actividades agr\u00edcolas, industriales y\/o de urbanizaci\u00f3n, la Municipalidad Distrital de Chilca, amparados bajo el art\u00edculo 1\u00ba del Decreto Supremo N\u00ba 12-94-AG, que establece que se declaran \u00e1reas intangibles los cauces, riberas y fajas marginales de los r\u00edos, arroyos, lagos, lagunas y vasos de almacenamiento; quedando prohibido su uso para fines agr\u00edcolas y asentamiento humano; y bajo la Ordenanza Municipal N\u00ba 363-MDCH\/CM, que declara la intangibilidad de la faja marginal, margen izquierda del rio Mantaro de la jurisdicci\u00f3n del distrito de Chilca de la provincia de Huancayo.<\/p>\n<p>Y a fin de evitar las construcciones y lotizaciones clandestinas de parte de invasores y\/o personas inescrupulosas, la comuna propone que en esos espacios se proyecte la recuperaci\u00f3n paisaj\u00edstica a fin de preservar el medio ambiente, ya que el ser humano tiene el derecho irrenunciable a gozar de un ambiente saludable, ecol\u00f3gicamente equilibrado y adecuado para el pleno desarrollo de la vida, en concordancia a lo que establece la Resoluci\u00f3n Directoral N\u00ba 870-2017-ANA-AAA X MANTARO.<\/p>\n<p>Por tal motivo, la Municipalidad Distrital de Chilca, viene realizando los trabajos de recuperaci\u00f3n, limpieza y mantenimiento de las riberas del r\u00edo Mantaro, con plantaciones de diversas especies de plantas y \u00e1rboles en los 58 mil metros cuadrados que cuenta la faja marginal, quien hace un llamado a la poblaci\u00f3n a defender y cuidar el r\u00edo Mantaro, \u201cSe viene trabajando un proyecto, que debe tambi\u00e9n integrarse la sociedad civil y las empresas, porque descontaminar el r\u00edo Mantaro, es un compromiso de todos, \u00a1hago un llamado para la poblaci\u00f3n de todos los distritos se sumen a este esfuerzo, trabajemos para que el Mantaro reviva!\u201d, enfatiz\u00f3 el alcalde del distrito de Chilca, C\u00e9sar Damas.<\/p>\n<p>Cabe resaltar que, es importante la recuperaci\u00f3n de la faja marginal; ya que en la actualidad, gran parte se encuentra destinada a un botadero informal, y la otra, viene siendo ocupada por terceros como \u00e1rea de cultivo; en tal sentido se ha decidido colocar, hitos en coordinaci\u00f3n con el (ANA) Mantaro, en m\u00e9rito a la Resoluci\u00f3n Directoral, N\u00ba 870-2017-ANA- AAAXMANTARO, y dicha \u00e1rea podr\u00e1 ser destinada a espacios recreativos que tanta falta hacen en el distrito, y por parte de los especialistas de la ANA, la finalidad, es asegurar la preservaci\u00f3n del tramo delimitado como \u00e1rea de libre tr\u00e1nsito y de dominio p\u00fablico hidr\u00e1ulico.<\/p>\n","protected":false},"excerpt":{"rendered":"<p>\ud835\ude47\ud835\ude56\ud835\ude68 \ud835\ude5b\ud835\ude56\ud835\ude5f\ud835\ude56\ud835\ude68 \ud835\ude62\ud835\ude56\ud835\ude67\ud835\ude5c\ud835\ude5e\ud835\ude63\ud835\ude56\ud835\ude61\ud835\ude5a\ud835\ude68 \ud835\ude68\ud835\ude64\ud835\ude63 \ud835\ude56\u0301\ud835\ude67\ud835\ude5a\ud835\ude56\ud835\ude68 \ud835\ude5e\ud835\ude63\ud835\ude69\ud835\ude56\ud835\ude63\ud835\ude5c\ud835\ude5e\ud835\ude57\ud835\ude61\ud835\ude5a\ud835\ude68 \ud835\ude59\ud835\ude64\ud835\ude63\ud835\ude59\ud835\ude5a \ud835\ude5a\ud835\ude68\ud835\ude69\ud835\ude56\u0301 \ud835\ude65\ud835\ude67\ud835\ude64\ud835\ude5d\ud835\ude5e\ud835\ude57\ud835\ude5e\ud835\ude59\ud835\ude64 \ud835\ude5a\ud835\ude5b\ud835\ude5a\ud835\ude58\ud835\ude69\ud835\ude6a\ud835\ude56\ud835\ude67 \ud835\ude56\ud835\ude58\ud835\ude69\ud835\ude5e\ud835\ude6b\ud835\ude5e\ud835\ude59\ud835\ude56\ud835\ude59\ud835\ude5a\ud835\ude68 \ud835\ude56\ud835\ude5c\ud835\ude67\ud835\ude5e\u0301\ud835\ude58\ud835\ude64\ud835\ude61\ud835\ude56\ud835\ude68, \ud835\ude6b\ud835\ude5e\ud835\ude6b\ud835\ude5e\ud835\ude5a\ud835\ude63\ud835\ude59\ud835\ude56\ud835\ude68 \ud835\ude64 \ud835\ude58\ud835\ude6a\ud835\ude56\ud835\ude61\ud835\ude66\ud835\ude6a\ud835\ude5e\ud835\ude5a\ud835\ude67 \ud835\ude64\ud835\ude69\ud835\ude67\ud835\ude56 \ud835\ude62\ud835\ude64\ud835\ude59\ud835\ude56\ud835\ude61\ud835\ude5e\ud835\ude59\ud835\ude56\ud835\ude59 \ud835\ude59\ud835\ude5a \ud835\ude64\ud835\ude58\ud835\ude6a\ud835\ude65\ud835\ude56\ud835\ude58\ud835\ude5e\ud835\ude64\u0301\ud835\ude63 \ud835\ude65\ud835\ude64\ud835\ude57\ud835\ude61\ud835\ude56\ud835\ude58\ud835\ude5e\ud835\ude64\ud835\ude63\ud835\ude56\ud835\ude61. Seg\u00fan la Ley de Recursos H\u00eddricos, las fajas marginales son espacios en las riberas de las fuentes de agua delimitados por la Autoridad Nacional del Agua (ANA) para la protecci\u00f3n del recurso h\u00eddrico, en donde&#8230;<\/p>\n","protected":false},"author":5,"featured_media":7582,"comment_status":"closed","ping_status":"closed","sticky":false,"template":"","format":"image","meta":[],"categories":[80],"tags":[],"_links":{"self":[{"href":"https:\/\/www.munichilca.gob.pe\/site\/wp-json\/wp\/v2\/posts\/7579"}],"collection":[{"href":"https:\/\/www.munichilca.gob.pe\/site\/wp-json\/wp\/v2\/posts"}],"about":[{"href":"https:\/\/www.munichilca.gob.pe\/site\/wp-json\/wp\/v2\/types\/post"}],"author":[{"embeddable":true,"href":"https:\/\/www.munichilca.gob.pe\/site\/wp-json\/wp\/v2\/users\/5"}],"replies":[{"embeddable":true,"href":"https:\/\/www.munichilca.gob.pe\/site\/wp-json\/wp\/v2\/comments?post=7579"}],"version-history":[{"count":4,"href":"https:\/\/www.munichilca.gob.pe\/site\/wp-json\/wp\/v2\/posts\/7579\/revisions"}],"predecessor-version":[{"id":7682,"href":"https:\/\/www.munichilca.gob.pe\/site\/wp-json\/wp\/v2\/posts\/7579\/revisions\/7682"}],"wp:featuredmedia":[{"embeddable":true,"href":"https:\/\/www.munichilca.gob.pe\/site\/wp-json\/wp\/v2\/media\/7582"}],"wp:attachment":[{"href":"https:\/\/www.munichilca.gob.pe\/site\/wp-json\/wp\/v2\/media?parent=7579"}],"wp:term":[{"taxonomy":"category","embeddable":true,"href":"https:\/\/www.munichilca.gob.pe\/site\/wp-json\/wp\/v2\/categories?post=7579"},{"taxonomy":"post_tag","embeddable":true,"href":"https:\/\/www.munichilca.gob.pe\/site\/wp-json\/wp\/v2\/tags?post=7579"}],"curies":[{"name":"wp","href":"https:\/\/api.w.org\/{rel}","templated":true}]}}