{"id":7594,"date":"2023-10-20T10:43:22","date_gmt":"2023-10-20T15:43:22","guid":{"rendered":"https:\/\/www.munichilca.gob.pe\/site\/?p=7594"},"modified":"2023-10-20T10:58:54","modified_gmt":"2023-10-20T15:58:54","slug":"%f0%9d%97%a0%f0%9d%97%a8%f0%9d%97%a1%f0%9d%97%9c%f0%9d%97%96%f0%9d%97%9c%f0%9d%97%a3%f0%9d%97%94%f0%9d%97%9f%f0%9d%97%9c%f0%9d%97%97%f0%9d%97%94%f0%9d%97%97-%f0%9d%97%97%f0%9d%97%98-%f0%9d%97%96-2","status":"publish","type":"post","link":"https:\/\/www.munichilca.gob.pe\/site\/2023\/10\/20\/%f0%9d%97%a0%f0%9d%97%a8%f0%9d%97%a1%f0%9d%97%9c%f0%9d%97%96%f0%9d%97%9c%f0%9d%97%a3%f0%9d%97%94%f0%9d%97%9f%f0%9d%97%9c%f0%9d%97%97%f0%9d%97%94%f0%9d%97%97-%f0%9d%97%97%f0%9d%97%98-%f0%9d%97%96-2\/","title":{"rendered":"\ud835\udde0\ud835\udde8\ud835\udde1\ud835\udddc\ud835\uddd6\ud835\udddc\ud835\udde3\ud835\udddc\ud835\udde2 \ud835\uddd7\ud835\uddd8 \ud835\uddd6\ud835\udddb\ud835\udddc\ud835\udddf\ud835\uddd6\ud835\uddd4, \ud835\uddd4\ud835\udde1\ud835\udde8\ud835\udde1\ud835\uddd6\ud835\udddc\ud835\uddd4 \ud835\udde6\ud835\uddd8\ud835\uddda\ud835\udde8\ud835\udde1\ud835\uddd7\ud835\uddd4 \ud835\uddd4\ud835\udde8\ud835\uddd7\ud835\udddc\ud835\uddd8\ud835\udde1\ud835\uddd6\ud835\udddc\ud835\uddd4 \ud835\uddd7\ud835\uddd8 \ud835\udde5\ud835\uddd8\ud835\udde1\ud835\uddd7\ud835\udddc\ud835\uddd6\ud835\udddc\u00d3\ud835\udde1 \ud835\uddd7\ud835\uddd8 \ud835\uddd6\ud835\udde8\ud835\uddd8\ud835\udde1\ud835\udde7\ud835\uddd4\ud835\udde6"},"content":{"rendered":"<p>\ud835\ude47\ud835\ude56 \ud835\ude5c\ud835\ude5a\ud835\ude68\ud835\ude69\ud835\ude5e\ud835\ude64\u0301\ud835\ude63 \ud835\ude5a\ud835\ude59\ud835\ude5e\ud835\ude61 \ud835\ude57\ud835\ude67\ud835\ude5e\ud835\ude63\ud835\ude59\ud835\ude56\ud835\ude67\ud835\ude56\u0301 \ud835\ude59\ud835\ude5a\ud835\ude69\ud835\ude56\ud835\ude61\ud835\ude61\ud835\ude5a\ud835\ude68 \ud835\ude68\ud835\ude64\ud835\ude57\ud835\ude67\ud835\ude5a \ud835\ude61\ud835\ude56 \ud835\ude5a\ud835\ude5f\ud835\ude5a\ud835\ude58\ud835\ude6a\ud835\ude58\ud835\ude5e\ud835\ude64\u0301\ud835\ude63 \ud835\ude59\ud835\ude5a\ud835\ude61 \ud835\ude65\ud835\ude67\ud835\ude5a\ud835\ude68\ud835\ude6a\ud835\ude65\ud835\ude6a\ud835\ude5a\ud835\ude68\ud835\ude69\ud835\ude64 \ud835\ude5a\ud835\ude63 \ud835\ude59\ud835\ude5e\ud835\ude5b\ud835\ude5a\ud835\ude67\ud835\ude5a\ud835\ude63\ud835\ude69\ud835\ude5a\ud835\ude68 \ud835\ude65\ud835\ude67\ud835\ude64\ud835\ude6e\ud835\ude5a\ud835\ude58\ud835\ude69\ud835\ude64\ud835\ude68 \ud835\ude59\ud835\ude5a \ud835\ude5e\ud835\ude63\ud835\ude6b\ud835\ude5a\ud835\ude67\ud835\ude68\ud835\ude5e\ud835\ude64\u0301\ud835\ude63 \ud835\ude65\ud835\ude6a\u0301\ud835\ude57\ud835\ude61\ud835\ude5e\ud835\ude58\ud835\ude56, \ud835\ude68\ud835\ude5a\ud835\ude5c\ud835\ude6a\ud835\ude67\ud835\ude5e\ud835\ude59\ud835\ude56\ud835\ude59, \ud835\ude61\ud835\ude5e\ud835\ude62\ud835\ude65\ud835\ude5e\ud835\ude5a\ud835\ude6f\ud835\ude56, \ud835\ude59\ud835\ude5a\ud835\ude68\ud835\ude56\ud835\ude67\ud835\ude67\ud835\ude64\ud835\ude61\ud835\ude61\ud835\ude64 \ud835\ude5a\ud835\ude58\ud835\ude64\ud835\ude63\ud835\ude64\u0301\ud835\ude62\ud835\ude5e\ud835\ude58\ud835\ude64, \ud835\ude5a\ud835\ude63\ud835\ude69\ud835\ude67\ud835\ude5a \ud835\ude64\ud835\ude69\ud835\ude67\ud835\ude64\ud835\ude68.<\/p>\n<p>El 31 octubre se llevar\u00e1 a cabo la \u201cSegunda Audiencia P\u00fablica de Rendici\u00f3n de Cuentas del a\u00f1o fiscal 2023\u201d, en el museo de la memoria \u201cYalpanahuasi\u201d del gobierno regional, a las 9 de la ma\u00f1ana, donde la primera autoridad edil, C\u00e9sar Damas Laurente, junto a sus funcionarios, rendir\u00e1n cuentas sobre la ejecuci\u00f3n de proyectos, obras e inversiones, as\u00ed como los logros y principales dificultades que impiden el cumplimiento de compromisos de la actual administraci\u00f3n municipal.<\/p>\n<p>Mediante la Ordenanza Municipal N\u00ba 326-MDCH\/CM, publicado en el Diario Oficial El Peruano, el cronograma aprobado es el siguiente: La Convocatoria a los dirigentes de las organizaciones vecinales e instituciones a partir de hoy 06 de octubre, podr\u00e1n inscribirse en la Gerencia de Planificaci\u00f3n y Presupuesto y la oficina de Participaci\u00f3n Vecinal de la Municipalidad Distrital de Chilca.<\/p>\n<p>Los requisitos para la inscripci\u00f3n, es ser vecino y residente del distrito de Chilca y contar con el documento nacional de identificaci\u00f3n vigente; la publicaci\u00f3n de inscritos se publicar\u00e1 en el Portal Institucional el 30 de octubre. Las fases de ejecuci\u00f3n ser\u00e1n la ejecuci\u00f3n presupuestal de ingresos y gastos, la ejecuci\u00f3n de los proyectos de inversi\u00f3n y las principales actividades implementadas, objetivos y logros obtenidos de cada gerencia.<\/p>\n<p>Cabe se\u00f1alar, que los gobiernos locales est\u00e1n obligados a promover la participaci\u00f3n ciudadana en la formulaci\u00f3n, debate, concertaci\u00f3n de sus planes de desarrollo y presupuesto en la gesti\u00f3n p\u00fablica, para este efecto, deber\u00e1n garantizar el acceso a la informaci\u00f3n p\u00fablica a todos los ciudadanos, con las excepciones que se\u00f1ala la ley, as\u00ed como la conformaci\u00f3n y funcionamiento de espacios y mecanismos de consulta, concertaci\u00f3n, control, evaluaci\u00f3n y rendici\u00f3n de cuentas.<\/p>\n<p>\u201cSer\u00e1 la oportunidad para informar y demostrar todo lo que hemos realizado a trav\u00e9s de cada una de las gerencias y el cumplimiento de los objetivos. Todo estar\u00e1 sustentado en el reglamento marco para el desarrollo de audiencias p\u00fablicas de rendici\u00f3n de cuentas, el cual fue aprobado a trav\u00e9s de la Ordenanza Municipal N\u00ba 326-2022\u2033, acot\u00f3 la especialista en presupuesto Katherine Castillo Chuqu\u00edn.<\/p>\n","protected":false},"excerpt":{"rendered":"<p>\ud835\ude47\ud835\ude56 \ud835\ude5c\ud835\ude5a\ud835\ude68\ud835\ude69\ud835\ude5e\ud835\ude64\u0301\ud835\ude63 \ud835\ude5a\ud835\ude59\ud835\ude5e\ud835\ude61 \ud835\ude57\ud835\ude67\ud835\ude5e\ud835\ude63\ud835\ude59\ud835\ude56\ud835\ude67\ud835\ude56\u0301 \ud835\ude59\ud835\ude5a\ud835\ude69\ud835\ude56\ud835\ude61\ud835\ude61\ud835\ude5a\ud835\ude68 \ud835\ude68\ud835\ude64\ud835\ude57\ud835\ude67\ud835\ude5a \ud835\ude61\ud835\ude56 \ud835\ude5a\ud835\ude5f\ud835\ude5a\ud835\ude58\ud835\ude6a\ud835\ude58\ud835\ude5e\ud835\ude64\u0301\ud835\ude63 \ud835\ude59\ud835\ude5a\ud835\ude61 \ud835\ude65\ud835\ude67\ud835\ude5a\ud835\ude68\ud835\ude6a\ud835\ude65\ud835\ude6a\ud835\ude5a\ud835\ude68\ud835\ude69\ud835\ude64 \ud835\ude5a\ud835\ude63 \ud835\ude59\ud835\ude5e\ud835\ude5b\ud835\ude5a\ud835\ude67\ud835\ude5a\ud835\ude63\ud835\ude69\ud835\ude5a\ud835\ude68 \ud835\ude65\ud835\ude67\ud835\ude64\ud835\ude6e\ud835\ude5a\ud835\ude58\ud835\ude69\ud835\ude64\ud835\ude68 \ud835\ude59\ud835\ude5a \ud835\ude5e\ud835\ude63\ud835\ude6b\ud835\ude5a\ud835\ude67\ud835\ude68\ud835\ude5e\ud835\ude64\u0301\ud835\ude63 \ud835\ude65\ud835\ude6a\u0301\ud835\ude57\ud835\ude61\ud835\ude5e\ud835\ude58\ud835\ude56, \ud835\ude68\ud835\ude5a\ud835\ude5c\ud835\ude6a\ud835\ude67\ud835\ude5e\ud835\ude59\ud835\ude56\ud835\ude59, \ud835\ude61\ud835\ude5e\ud835\ude62\ud835\ude65\ud835\ude5e\ud835\ude5a\ud835\ude6f\ud835\ude56, \ud835\ude59\ud835\ude5a\ud835\ude68\ud835\ude56\ud835\ude67\ud835\ude67\ud835\ude64\ud835\ude61\ud835\ude61\ud835\ude64 \ud835\ude5a\ud835\ude58\ud835\ude64\ud835\ude63\ud835\ude64\u0301\ud835\ude62\ud835\ude5e\ud835\ude58\ud835\ude64, \ud835\ude5a\ud835\ude63\ud835\ude69\ud835\ude67\ud835\ude5a \ud835\ude64\ud835\ude69\ud835\ude67\ud835\ude64\ud835\ude68. El 31 octubre se llevar\u00e1 a cabo la \u201cSegunda Audiencia P\u00fablica de Rendici\u00f3n de Cuentas del a\u00f1o fiscal 2023\u201d, en el museo de la memoria \u201cYalpanahuasi\u201d del gobierno regional, a las 9 de&#8230;<\/p>\n","protected":false},"author":5,"featured_media":7604,"comment_status":"closed","ping_status":"closed","sticky":false,"template":"","format":"image","meta":[],"categories":[80],"tags":[],"_links":{"self":[{"href":"https:\/\/www.munichilca.gob.pe\/site\/wp-json\/wp\/v2\/posts\/7594"}],"collection":[{"href":"https:\/\/www.munichilca.gob.pe\/site\/wp-json\/wp\/v2\/posts"}],"about":[{"href":"https:\/\/www.munichilca.gob.pe\/site\/wp-json\/wp\/v2\/types\/post"}],"author":[{"embeddable":true,"href":"https:\/\/www.munichilca.gob.pe\/site\/wp-json\/wp\/v2\/users\/5"}],"replies":[{"embeddable":true,"href":"https:\/\/www.munichilca.gob.pe\/site\/wp-json\/wp\/v2\/comments?post=7594"}],"version-history":[{"count":1,"href":"https:\/\/www.munichilca.gob.pe\/site\/wp-json\/wp\/v2\/posts\/7594\/revisions"}],"predecessor-version":[{"id":7595,"href":"https:\/\/www.munichilca.gob.pe\/site\/wp-json\/wp\/v2\/posts\/7594\/revisions\/7595"}],"wp:featuredmedia":[{"embeddable":true,"href":"https:\/\/www.munichilca.gob.pe\/site\/wp-json\/wp\/v2\/media\/7604"}],"wp:attachment":[{"href":"https:\/\/www.munichilca.gob.pe\/site\/wp-json\/wp\/v2\/media?parent=7594"}],"wp:term":[{"taxonomy":"category","embeddable":true,"href":"https:\/\/www.munichilca.gob.pe\/site\/wp-json\/wp\/v2\/categories?post=7594"},{"taxonomy":"post_tag","embeddable":true,"href":"https:\/\/www.munichilca.gob.pe\/site\/wp-json\/wp\/v2\/tags?post=7594"}],"curies":[{"name":"wp","href":"https:\/\/api.w.org\/{rel}","templated":true}]}}