{"id":7613,"date":"2023-10-23T09:52:43","date_gmt":"2023-10-23T14:52:43","guid":{"rendered":"https:\/\/www.munichilca.gob.pe\/site\/?p=7613"},"modified":"2023-10-23T09:52:43","modified_gmt":"2023-10-23T14:52:43","slug":"%f0%9d%97%94%f0%9d%97%9f%f0%9d%97%96%f0%9d%97%94%f0%9d%97%9f%f0%9d%97%97%f0%9d%97%98-%f0%9d%97%97%f0%9d%97%94%f0%9d%97%a0%f0%9d%97%94%f0%9d%97%a6-7","status":"publish","type":"post","link":"https:\/\/www.munichilca.gob.pe\/site\/2023\/10\/23\/%f0%9d%97%94%f0%9d%97%9f%f0%9d%97%96%f0%9d%97%94%f0%9d%97%9f%f0%9d%97%97%f0%9d%97%98-%f0%9d%97%97%f0%9d%97%94%f0%9d%97%a0%f0%9d%97%94%f0%9d%97%a6-7\/","title":{"rendered":"\ud835\uddd4\ud835\udddf\ud835\uddd6\ud835\uddd4\ud835\udddf\ud835\uddd7\ud835\uddd8 \ud835\uddd7\ud835\uddd4\ud835\udde0\ud835\uddd4\ud835\udde6 \ud835\udde3\ud835\udde5\ud835\udde2\ud835\uddec\ud835\uddd8\ud835\uddd6\ud835\udde7\ud835\uddd4 \ud835\uddd6\ud835\udde2\ud835\udde1\ud835\udde6\ud835\udde7\ud835\udde5\ud835\udde8\ud835\uddd6\ud835\uddd6\ud835\udddc\u00d3\ud835\udde1 \ud835\uddd7\ud835\uddd8 \ud835\udde3\ud835\udde2\ud835\udded\ud835\udde2 \ud835\udde7\ud835\udde8\ud835\uddd5\ud835\udde8\ud835\udddf\ud835\uddd4\ud835\udde5 \ud835\uddd8\ud835\udde1 \ud835\uddd6\ud835\udde2\ud835\udde7\ud835\udde2 \ud835\uddd6\ud835\udde2\ud835\udde7\ud835\udde2"},"content":{"rendered":"<p>\ud835\ude40\ud835\ude63 \ud835\ude6a\ud835\ude63\ud835\ude56 \ud835\ude62\ud835\ude5a\ud835\ude68\ud835\ude56 \ud835\ude59\ud835\ude5a \ud835\ude59\ud835\ude5e\ud835\ude56\u0301\ud835\ude61\ud835\ude64\ud835\ude5c\ud835\ude64 \ud835\ude58\ud835\ude64\ud835\ude63 \ud835\ude67\ud835\ude5a\ud835\ude65\ud835\ude67\ud835\ude5a\ud835\ude68\ud835\ude5a\ud835\ude63\ud835\ude69\ud835\ude56\ud835\ude63\ud835\ude69\ud835\ude5a\ud835\ude68 \ud835\ude59\ud835\ude5a \ud835\ude4e\ud835\ude40\ud835\ude3f\ud835\ude3c\ud835\ude48, \ud835\ude57\ud835\ude6a\ud835\ude68\ud835\ude58\ud835\ude56\ud835\ude63 \ud835\ude68\ud835\ude64\ud835\ude61\ud835\ude6a\ud835\ude58\ud835\ude5e\ud835\ude64\ud835\ude63\ud835\ude56\ud835\ude67 \ud835\ude61\ud835\ude56 \ud835\ude5a\ud835\ude68\ud835\ude58\ud835\ude56\ud835\ude68\ud835\ude5a\ud835\ude6f \ud835\ude59\ud835\ude5a\ud835\ude61 \ud835\ude61\ud835\ude5e\u0301\ud835\ude66\ud835\ude6a\ud835\ude5e\ud835\ude59\ud835\ude64 \ud835\ude5a\ud835\ude61\ud835\ude5a\ud835\ude62\ud835\ude5a\ud835\ude63\ud835\ude69\ud835\ude64 \ud835\ude5a\ud835\ude63 \ud835\ude5a\ud835\ude61 \ud835\ude59\ud835\ude5e\ud835\ude68\ud835\ude69\ud835\ude67\ud835\ude5e\ud835\ude69\ud835\ude64.<\/p>\n<p>En una reuni\u00f3n entre los representantes de la EPS SEDAM Huancayo y el burgomaestre del distrito de Chilca C\u00e9sar Damas, se plante\u00f3 la construcci\u00f3n de un pozo tubular y un reservorio elevado de agua potable en el sector de Coto Coto; la Municipalidad Distrital de Chilca, ante la problem\u00e1tica de la escasez del l\u00edquido elemento, viene buscando soluciones para brindar un servicio regular de agua potable a m\u00e1s de 180 mil pobladores.<\/p>\n<p>Por tal el presidente del directorio de SEDAM, V\u00edctor Bull\u00f3n Garc\u00eda, hizo menci\u00f3n que este proceso se dar\u00e1 inicio en los pr\u00f3ximos meses, gracias a la gesti\u00f3n del alcalde del distrito de Chilca, ya que donar\u00e1 un terreno de aproximadamente 500 m2 en el sector de Coto Coto para fines de dotar los servicios de agua de calidad para m\u00e1s de 40 mil usuarios directamente que sufren de escasez h\u00eddrica.<br \/>\nReuni\u00f3n donde adem\u00e1s particip\u00f3 el gerente general de la EPS SEDAM Huancayo, Roger Cavero Huam\u00e1n, quien agreg\u00f3 que este proyecto de inversi\u00f3n beneficiar\u00e1 para dotar de agua potable a gran parte de la poblaci\u00f3n de Chilca.<br \/>\nA su turno el burgomaestre C\u00e9sar Damas, manifest\u00f3 que se establecer\u00e1 un convenio para poder beneficiar a m\u00e1s pobladores chilquenses y mitigar la falta de agua en varios sectores del distrito, \u201ctenemos como objetivo trabajar en el mejoramiento del servicio de abastecimiento de agua potable en el distrito, porque conocemos la urgente necesidad de los vecinos que por muchos a\u00f1os han venido sufriendo con estas dificultades, desde nuestra gesti\u00f3n y con la construcci\u00f3n de esta importante infraestructura, garantizaremos un servicio de calidad para salvaguardar la salud de nuestros vecinos\u201d, manifest\u00f3 la primera autoridad edil durante su participaci\u00f3n.<\/p>\n","protected":false},"excerpt":{"rendered":"<p>\ud835\ude40\ud835\ude63 \ud835\ude6a\ud835\ude63\ud835\ude56 \ud835\ude62\ud835\ude5a\ud835\ude68\ud835\ude56 \ud835\ude59\ud835\ude5a \ud835\ude59\ud835\ude5e\ud835\ude56\u0301\ud835\ude61\ud835\ude64\ud835\ude5c\ud835\ude64 \ud835\ude58\ud835\ude64\ud835\ude63 \ud835\ude67\ud835\ude5a\ud835\ude65\ud835\ude67\ud835\ude5a\ud835\ude68\ud835\ude5a\ud835\ude63\ud835\ude69\ud835\ude56\ud835\ude63\ud835\ude69\ud835\ude5a\ud835\ude68 \ud835\ude59\ud835\ude5a \ud835\ude4e\ud835\ude40\ud835\ude3f\ud835\ude3c\ud835\ude48, \ud835\ude57\ud835\ude6a\ud835\ude68\ud835\ude58\ud835\ude56\ud835\ude63 \ud835\ude68\ud835\ude64\ud835\ude61\ud835\ude6a\ud835\ude58\ud835\ude5e\ud835\ude64\ud835\ude63\ud835\ude56\ud835\ude67 \ud835\ude61\ud835\ude56 \ud835\ude5a\ud835\ude68\ud835\ude58\ud835\ude56\ud835\ude68\ud835\ude5a\ud835\ude6f \ud835\ude59\ud835\ude5a\ud835\ude61 \ud835\ude61\ud835\ude5e\u0301\ud835\ude66\ud835\ude6a\ud835\ude5e\ud835\ude59\ud835\ude64 \ud835\ude5a\ud835\ude61\ud835\ude5a\ud835\ude62\ud835\ude5a\ud835\ude63\ud835\ude69\ud835\ude64 \ud835\ude5a\ud835\ude63 \ud835\ude5a\ud835\ude61 \ud835\ude59\ud835\ude5e\ud835\ude68\ud835\ude69\ud835\ude67\ud835\ude5e\ud835\ude69\ud835\ude64. En una reuni\u00f3n entre los representantes de la EPS SEDAM Huancayo y el burgomaestre del distrito de Chilca C\u00e9sar Damas, se plante\u00f3 la construcci\u00f3n de un pozo tubular y un reservorio elevado de agua potable en&#8230;<\/p>\n","protected":false},"author":5,"featured_media":7627,"comment_status":"closed","ping_status":"closed","sticky":false,"template":"","format":"image","meta":[],"categories":[80],"tags":[],"_links":{"self":[{"href":"https:\/\/www.munichilca.gob.pe\/site\/wp-json\/wp\/v2\/posts\/7613"}],"collection":[{"href":"https:\/\/www.munichilca.gob.pe\/site\/wp-json\/wp\/v2\/posts"}],"about":[{"href":"https:\/\/www.munichilca.gob.pe\/site\/wp-json\/wp\/v2\/types\/post"}],"author":[{"embeddable":true,"href":"https:\/\/www.munichilca.gob.pe\/site\/wp-json\/wp\/v2\/users\/5"}],"replies":[{"embeddable":true,"href":"https:\/\/www.munichilca.gob.pe\/site\/wp-json\/wp\/v2\/comments?post=7613"}],"version-history":[{"count":2,"href":"https:\/\/www.munichilca.gob.pe\/site\/wp-json\/wp\/v2\/posts\/7613\/revisions"}],"predecessor-version":[{"id":7624,"href":"https:\/\/www.munichilca.gob.pe\/site\/wp-json\/wp\/v2\/posts\/7613\/revisions\/7624"}],"wp:featuredmedia":[{"embeddable":true,"href":"https:\/\/www.munichilca.gob.pe\/site\/wp-json\/wp\/v2\/media\/7627"}],"wp:attachment":[{"href":"https:\/\/www.munichilca.gob.pe\/site\/wp-json\/wp\/v2\/media?parent=7613"}],"wp:term":[{"taxonomy":"category","embeddable":true,"href":"https:\/\/www.munichilca.gob.pe\/site\/wp-json\/wp\/v2\/categories?post=7613"},{"taxonomy":"post_tag","embeddable":true,"href":"https:\/\/www.munichilca.gob.pe\/site\/wp-json\/wp\/v2\/tags?post=7613"}],"curies":[{"name":"wp","href":"https:\/\/api.w.org\/{rel}","templated":true}]}}