{"id":7615,"date":"2023-10-23T09:59:31","date_gmt":"2023-10-23T14:59:31","guid":{"rendered":"https:\/\/www.munichilca.gob.pe\/site\/?p=7615"},"modified":"2023-10-23T10:59:14","modified_gmt":"2023-10-23T15:59:14","slug":"%f0%9d%97%96%f0%9d%97%a2%f0%9d%97%a0%f0%9d%97%a8%f0%9d%97%a1%f0%9d%97%94-%f0%9d%97%97%f0%9d%97%98-%f0%9d%97%96%f0%9d%97%9b%f0%9d%97%9c%f0%9d%97%9f%f0%9d%97%96%f0%9d%97%94-3","status":"publish","type":"post","link":"https:\/\/www.munichilca.gob.pe\/site\/2023\/10\/23\/%f0%9d%97%96%f0%9d%97%a2%f0%9d%97%a0%f0%9d%97%a8%f0%9d%97%a1%f0%9d%97%94-%f0%9d%97%97%f0%9d%97%98-%f0%9d%97%96%f0%9d%97%9b%f0%9d%97%9c%f0%9d%97%9f%f0%9d%97%96%f0%9d%97%94-3\/","title":{"rendered":"\ud835\uddd6\ud835\udde2\ud835\udde0\ud835\udde8\ud835\udde1\ud835\uddd4 \ud835\uddd7\ud835\uddd8 \ud835\uddd6\ud835\udddb\ud835\udddc\ud835\udddf\ud835\uddd6\ud835\uddd4 \ud835\udddf\ud835\udde2\ud835\uddda\ud835\udde5\ud835\uddd4 \ud835\uddd8\ud835\udddf \ud835\udde3\ud835\udde5\ud835\uddd8\ud835\udde0\ud835\udddc\ud835\udde2 \ud835\udde1\ud835\uddd4\ud835\uddd6\ud835\udddc\ud835\udde2\ud835\udde1\ud835\uddd4\ud835\udddf \u275e\ud835\udde6\ud835\uddd8\ud835\udddf\ud835\udddf\ud835\udde2 \ud835\udde0\ud835\udde8\ud835\udde1\ud835\udddc\ud835\uddd6\ud835\udddc\ud835\udde3\ud835\uddd4\ud835\udddf \ud835\udfee\ud835\udfec\ud835\udfee\ud835\udfef\u275e"},"content":{"rendered":"<p>\ud835\ude40\ud835\ude63 \ud835\ude5a\ud835\ude61 \ud835\ude62\ud835\ude56\ud835\ude67\ud835\ude58\ud835\ude64 \ud835\ude59\ud835\ude5a \ud835\ude61\ud835\ude56 \ud835\ude4b\ud835\ude64\ud835\ude61\ud835\ude5e\u0301\ud835\ude69\ud835\ude5e\ud835\ude58\ud835\ude56 \ud835\ude49\ud835\ude56\ud835\ude58\ud835\ude5e\ud835\ude64\ud835\ude63\ud835\ude56\ud835\ude61 \ud835\ude59\ud835\ude5a \ud835\ude3f\ud835\ude5a\ud835\ude68\ud835\ude56\ud835\ude67\ud835\ude67\ud835\ude64\ud835\ude61\ud835\ude61\ud835\ude64 \ud835\ude5a \ud835\ude44\ud835\ude63\ud835\ude58\ud835\ude61\ud835\ude6a\ud835\ude68\ud835\ude5e\ud835\ude64\u0301\ud835\ude63 \ud835\ude4e\ud835\ude64\ud835\ude58\ud835\ude5e\ud835\ude56\ud835\ude61, \ud835\ude68\ud835\ude5a \ud835\ude57\ud835\ude6a\ud835\ude68\ud835\ude58\ud835\ude56 \ud835\ude62\ud835\ude5a\ud835\ude5f\ud835\ude64\ud835\ude67\ud835\ude56\ud835\ude67 \ud835\ude61\ud835\ude56\ud835\ude68 \ud835\ude58\ud835\ude64\ud835\ude63\ud835\ude59\ud835\ude5e\ud835\ude58\ud835\ude5e\ud835\ude64\ud835\ude63\ud835\ude5a\ud835\ude68 \ud835\ude59\ud835\ude5a \ud835\ude6b\ud835\ude5e\ud835\ude59\ud835\ude56 \ud835\ude59\ud835\ude5a \ud835\ude61\ud835\ude56 \ud835\ude65\ud835\ude64\ud835\ude57\ud835\ude61\ud835\ude56\ud835\ude58\ud835\ude5e\ud835\ude64\u0301\ud835\ude63 \ud835\ude5a\ud835\ude63 \ud835\ude68\ud835\ude5e\ud835\ude69\ud835\ude6a\ud835\ude56\ud835\ude58\ud835\ude5e\ud835\ude64\u0301\ud835\ude63 \ud835\ude59\ud835\ude5a \ud835\ude65\ud835\ude64\ud835\ude57\ud835\ude67\ud835\ude5a\ud835\ude6f\ud835\ude56 \ud835\ude6e \ud835\ude5a\ud835\ude6d\ud835\ude58\ud835\ude61\ud835\ude6a\ud835\ude68\ud835\ude5e\ud835\ude64\u0301\ud835\ude63.<\/p>\n<p>La Municipalidad Distrital de Chilca, Bajo la incansable direcci\u00f3n del alcalde C\u00e9sar Damas y el destacado desempe\u00f1o de su equipo t\u00e9cnico de la Gerencia de Desarrollo Social, el distrito ha alcanzado la totalidad de sus objetivos con un rendimiento impecable del 100%.<\/p>\n<p>El Ministerio de Desarrollo e Inclusi\u00f3n Social (MIDIS), lanz\u00f3 el \u201cPremio Nacional Sello Municipal 2023\u201d, para promover que las autoridades locales brinden servicios p\u00fablicos priorizados de calidad, debidamente articulados y orientados a resultados, a fin de mejorar las condiciones de vida de la poblaci\u00f3n en situaci\u00f3n de pobreza y exclusi\u00f3n, en el marco de la Pol\u00edtica Nacional de Desarrollo e Inclusi\u00f3n al 2030.<\/p>\n<p>Ante esto, la comuna de Chilca, a trav\u00e9s de las acciones del Centro Integral de Atenci\u00f3n del Adulto Mayor (CIAM) de la Gerencia de Desarrollo Social; logr\u00f3 el \u201cPremio Nacional del Sello Municipal 2023\u201d; por el cumplimiento de metas, que contribuyen a la mejora de las condiciones de vida del adulto mayor.<br \/>\nAs\u00ed mismo, este Premio Nacional promueve la mejora en la toma de decisiones de gesti\u00f3n de las municipalidades y reconoce p\u00fablicamente los esfuerzos que contribuyen a mejorar la calidad de vida de la poblaci\u00f3n.<br \/>\nAl respecto, el alcalde de Chilca, C\u00e9sar Damas, indic\u00f3 que este reconocimiento es obtenido gracias a cada uno de los diferentes equipos que trabajan a diario para atender oportunamente a los vecinos del distrito. \u201cEste premio es una motivaci\u00f3n para todos nosotros. Es muy gratificante saber que estamos haciendo una gesti\u00f3n enfocada en los ciudadanos. Trabajar de manera coordinada con otras instituciones del Estado es muy favorable para el desarrollo de los gobiernos locales y, evidentemente, de todos los vecinos\u201d, puntualiz\u00f3.<\/p>\n","protected":false},"excerpt":{"rendered":"<p>\ud835\ude40\ud835\ude63 \ud835\ude5a\ud835\ude61 \ud835\ude62\ud835\ude56\ud835\ude67\ud835\ude58\ud835\ude64 \ud835\ude59\ud835\ude5a \ud835\ude61\ud835\ude56 \ud835\ude4b\ud835\ude64\ud835\ude61\ud835\ude5e\u0301\ud835\ude69\ud835\ude5e\ud835\ude58\ud835\ude56 \ud835\ude49\ud835\ude56\ud835\ude58\ud835\ude5e\ud835\ude64\ud835\ude63\ud835\ude56\ud835\ude61 \ud835\ude59\ud835\ude5a \ud835\ude3f\ud835\ude5a\ud835\ude68\ud835\ude56\ud835\ude67\ud835\ude67\ud835\ude64\ud835\ude61\ud835\ude61\ud835\ude64 \ud835\ude5a \ud835\ude44\ud835\ude63\ud835\ude58\ud835\ude61\ud835\ude6a\ud835\ude68\ud835\ude5e\ud835\ude64\u0301\ud835\ude63 \ud835\ude4e\ud835\ude64\ud835\ude58\ud835\ude5e\ud835\ude56\ud835\ude61, \ud835\ude68\ud835\ude5a \ud835\ude57\ud835\ude6a\ud835\ude68\ud835\ude58\ud835\ude56 \ud835\ude62\ud835\ude5a\ud835\ude5f\ud835\ude64\ud835\ude67\ud835\ude56\ud835\ude67 \ud835\ude61\ud835\ude56\ud835\ude68 \ud835\ude58\ud835\ude64\ud835\ude63\ud835\ude59\ud835\ude5e\ud835\ude58\ud835\ude5e\ud835\ude64\ud835\ude63\ud835\ude5a\ud835\ude68 \ud835\ude59\ud835\ude5a \ud835\ude6b\ud835\ude5e\ud835\ude59\ud835\ude56 \ud835\ude59\ud835\ude5a \ud835\ude61\ud835\ude56 \ud835\ude65\ud835\ude64\ud835\ude57\ud835\ude61\ud835\ude56\ud835\ude58\ud835\ude5e\ud835\ude64\u0301\ud835\ude63 \ud835\ude5a\ud835\ude63 \ud835\ude68\ud835\ude5e\ud835\ude69\ud835\ude6a\ud835\ude56\ud835\ude58\ud835\ude5e\ud835\ude64\u0301\ud835\ude63 \ud835\ude59\ud835\ude5a \ud835\ude65\ud835\ude64\ud835\ude57\ud835\ude67\ud835\ude5a\ud835\ude6f\ud835\ude56 \ud835\ude6e \ud835\ude5a\ud835\ude6d\ud835\ude58\ud835\ude61\ud835\ude6a\ud835\ude68\ud835\ude5e\ud835\ude64\u0301\ud835\ude63. La Municipalidad Distrital de Chilca, Bajo la incansable direcci\u00f3n del alcalde C\u00e9sar Damas y el destacado desempe\u00f1o de su equipo t\u00e9cnico de la Gerencia de Desarrollo Social,&#8230;<\/p>\n","protected":false},"author":5,"featured_media":7637,"comment_status":"closed","ping_status":"closed","sticky":false,"template":"","format":"image","meta":[],"categories":[80],"tags":[],"_links":{"self":[{"href":"https:\/\/www.munichilca.gob.pe\/site\/wp-json\/wp\/v2\/posts\/7615"}],"collection":[{"href":"https:\/\/www.munichilca.gob.pe\/site\/wp-json\/wp\/v2\/posts"}],"about":[{"href":"https:\/\/www.munichilca.gob.pe\/site\/wp-json\/wp\/v2\/types\/post"}],"author":[{"embeddable":true,"href":"https:\/\/www.munichilca.gob.pe\/site\/wp-json\/wp\/v2\/users\/5"}],"replies":[{"embeddable":true,"href":"https:\/\/www.munichilca.gob.pe\/site\/wp-json\/wp\/v2\/comments?post=7615"}],"version-history":[{"count":1,"href":"https:\/\/www.munichilca.gob.pe\/site\/wp-json\/wp\/v2\/posts\/7615\/revisions"}],"predecessor-version":[{"id":7616,"href":"https:\/\/www.munichilca.gob.pe\/site\/wp-json\/wp\/v2\/posts\/7615\/revisions\/7616"}],"wp:featuredmedia":[{"embeddable":true,"href":"https:\/\/www.munichilca.gob.pe\/site\/wp-json\/wp\/v2\/media\/7637"}],"wp:attachment":[{"href":"https:\/\/www.munichilca.gob.pe\/site\/wp-json\/wp\/v2\/media?parent=7615"}],"wp:term":[{"taxonomy":"category","embeddable":true,"href":"https:\/\/www.munichilca.gob.pe\/site\/wp-json\/wp\/v2\/categories?post=7615"},{"taxonomy":"post_tag","embeddable":true,"href":"https:\/\/www.munichilca.gob.pe\/site\/wp-json\/wp\/v2\/tags?post=7615"}],"curies":[{"name":"wp","href":"https:\/\/api.w.org\/{rel}","templated":true}]}}