{"id":7618,"date":"2023-10-23T10:04:05","date_gmt":"2023-10-23T15:04:05","guid":{"rendered":"https:\/\/www.munichilca.gob.pe\/site\/?p=7618"},"modified":"2023-10-23T10:58:47","modified_gmt":"2023-10-23T15:58:47","slug":"%f0%9d%97%a2%f0%9d%97%a0%f0%9d%97%94%f0%9d%97%a3%f0%9d%97%98%f0%9d%97%97-%f0%9d%97%97%f0%9d%97%98-%f0%9d%97%96%f0%9d%97%9b%f0%9d%97%9c%f0%9d%97%9f%f0%9d%97%96%f0%9d%97%94-%f0%9d%97%94%f0%9d%97%9a","status":"publish","type":"post","link":"https:\/\/www.munichilca.gob.pe\/site\/2023\/10\/23\/%f0%9d%97%a2%f0%9d%97%a0%f0%9d%97%94%f0%9d%97%a3%f0%9d%97%98%f0%9d%97%97-%f0%9d%97%97%f0%9d%97%98-%f0%9d%97%96%f0%9d%97%9b%f0%9d%97%9c%f0%9d%97%9f%f0%9d%97%96%f0%9d%97%94-%f0%9d%97%94%f0%9d%97%9a\/","title":{"rendered":"\ud835\udde2\ud835\udde0\ud835\uddd4\ud835\udde3\ud835\uddd8\ud835\uddd7 \ud835\uddd7\ud835\uddd8 \ud835\uddd6\ud835\udddb\ud835\udddc\ud835\udddf\ud835\uddd6\ud835\uddd4, \ud835\uddd4\ud835\uddda\ud835\uddd4\ud835\udde6\ud835\uddd4\ud835\udddd\ud835\uddd4 \ud835\uddd4 \ud835\udde3\ud835\uddd8\ud835\udde5\ud835\udde6\ud835\udde2\ud835\udde1\ud835\uddd4\ud835\udde6 \ud835\uddd6\ud835\udde2\ud835\udde1 \ud835\uddd7\ud835\udddc\ud835\udde6\ud835\uddd6\ud835\uddd4\ud835\udde3\ud835\uddd4\ud835\uddd6\ud835\udddc\ud835\uddd7\ud835\uddd4\ud835\uddd7 \ud835\udde3\ud835\udde2\ud835\udde5 \ud835\udde6\ud835\udde8 \ud835\uddd7\u00cd\ud835\uddd4"},"content":{"rendered":"<p>\ud835\ude40\ud835\ude68\ud835\ude69\ud835\ude5a 16 \ud835\ude59\ud835\ude5a \ud835\ude64\ud835\ude58\ud835\ude69\ud835\ude6a\ud835\ude57\ud835\ude67\ud835\ude5a \ud835\ude68\ud835\ude5a \ud835\ude58\ud835\ude5a\ud835\ude61\ud835\ude5a\ud835\ude57\ud835\ude67\ud835\ude64\u0301 \ud835\ude56 \ud835\ude63\ud835\ude5e\ud835\ude6b\ud835\ude5a\ud835\ude61 \ud835\ude63\ud835\ude56\ud835\ude58\ud835\ude5e\ud835\ude64\ud835\ude63\ud835\ude56\ud835\ude61, \ud835\ude5a\ud835\ude61 \ud835\ude59\ud835\ude5e\u0301\ud835\ude56 \ud835\ude59\ud835\ude5a \ud835\ude61\ud835\ude56 \ud835\ude65\ud835\ude5a\ud835\ude67\ud835\ude68\ud835\ude64\ud835\ude63\ud835\ude56 \ud835\ude58\ud835\ude64\ud835\ude63 \ud835\ude59\ud835\ude5e\ud835\ude68\ud835\ude58\ud835\ude56\ud835\ude65\ud835\ude56\ud835\ude58\ud835\ude5e\ud835\ude59\ud835\ude56\ud835\ude59, \ud835\ude59\ud835\ude64\ud835\ude63\ud835\ude59\ud835\ude5a \ud835\ude68\ud835\ude5a \ud835\ude67\ud835\ude5a\ud835\ude68\ud835\ude56\ud835\ude61\ud835\ude69\ud835\ude56 \ud835\ude5a\ud835\ude61 \ud835\ude67\ud835\ude5a\ud835\ude58\ud835\ude64\ud835\ude63\ud835\ude64\ud835\ude58\ud835\ude5e\ud835\ude62\ud835\ude5e\ud835\ude5a\ud835\ude63\ud835\ude69\ud835\ude64 \ud835\ude59\ud835\ude5a \ud835\ude68\ud835\ude6a\ud835\ude68 \ud835\ude59\ud835\ude5a\ud835\ude67\ud835\ude5a\ud835\ude58\ud835\ude5d\ud835\ude64\ud835\ude68 \ud835\ude5a \ud835\ude5e\ud835\ude63\ud835\ude58\ud835\ude61\ud835\ude6a\ud835\ude68\ud835\ude5e\ud835\ude64\u0301\ud835\ude63 \ud835\ude68\ud835\ude64\ud835\ude58\ud835\ude5e\ud835\ude56\ud835\ude61.<\/p>\n<p>En el Per\u00fa conmemoramos el D\u00eda Nacional de la Persona con Discapacidad, con la finalidad de reflexionar y tomar conciencia sobre los derechos, necesidades y oportunidades que tienen las personas con discapacidad, para eliminar todo obst\u00e1culo que se oponga a su plena integraci\u00f3n.<\/p>\n<p>Por tal motivo, la Municipalidad Distrital de Chilca, a trav\u00e9s de la Oficina Municipal de Atenci\u00f3n a las Personas con Discapacidad (OMPAED), celebr\u00f3 a la gran cantidad de asistentes con shows art\u00edsticos entre otras actividades este viernes 20 de octubre, quienes llenaron el museo de la memoria \u201cYalpanahuasi\u201d.<br \/>\nEvento donde participaron las instituciones de la Polic\u00eda Nacional del Per\u00fa, el Consejo Nacional para la Integraci\u00f3n de la Persona con Discapacidad (CONADIS), Centro de Emergencia Mujer (CEM), la organizaci\u00f3n no gubernamental (ONG) CMMB y la asociaci\u00f3n de la persona con discapacidad.<\/p>\n<p>La conmemoraci\u00f3n de esta fecha busc\u00f3 concientizar sobre los derechos de las personas con discapacidad. Es decir, aquellas que tienen una o m\u00e1s deficiencias f\u00edsicas, sensoriales, mentales o intelectuales de car\u00e1cter permanente.<\/p>\n<p>El gerente de desarrollo Social de la comuna de Chilca, Roly Remuzgo, manifest\u00f3 que junto con otros programas sociales de la comuna chilquense, la OMAPED contin\u00faa brindando apoyo a las personas con discapacidad, mediante talleres de capacitaci\u00f3n y charlas informativas para difundir la Ley 29973 (Ley General de la Persona con Discapacidad.<\/p>\n<p>\u201cLa discapacidad ha pasado por muchos enfoques limitantes hasta llegar a ser, hoy en d\u00eda, un tema de derechos humanos que compromete al Estado y la sociedad para velar por una real inclusi\u00f3n que permita su acceso en igualdad de condiciones a una vida libre, independiente y digna\u201d, finaliz\u00f3 el funcionario edil.<br \/>\nCabe resaltar que, en el d\u00eda de la persona con discapacidad en el Per\u00fa, se puede contribuir difundiendo en familia y en nuestro entorno social el verdadero significado de la discapacidad. Adem\u00e1s de usar y ense\u00f1ar las terminolog\u00edas correctas, e inform\u00e1ndonos sobre c\u00f3mo podemos promover la inclusi\u00f3n.<\/p>\n","protected":false},"excerpt":{"rendered":"<p>\ud835\ude40\ud835\ude68\ud835\ude69\ud835\ude5a 16 \ud835\ude59\ud835\ude5a \ud835\ude64\ud835\ude58\ud835\ude69\ud835\ude6a\ud835\ude57\ud835\ude67\ud835\ude5a \ud835\ude68\ud835\ude5a \ud835\ude58\ud835\ude5a\ud835\ude61\ud835\ude5a\ud835\ude57\ud835\ude67\ud835\ude64\u0301 \ud835\ude56 \ud835\ude63\ud835\ude5e\ud835\ude6b\ud835\ude5a\ud835\ude61 \ud835\ude63\ud835\ude56\ud835\ude58\ud835\ude5e\ud835\ude64\ud835\ude63\ud835\ude56\ud835\ude61, \ud835\ude5a\ud835\ude61 \ud835\ude59\ud835\ude5e\u0301\ud835\ude56 \ud835\ude59\ud835\ude5a \ud835\ude61\ud835\ude56 \ud835\ude65\ud835\ude5a\ud835\ude67\ud835\ude68\ud835\ude64\ud835\ude63\ud835\ude56 \ud835\ude58\ud835\ude64\ud835\ude63 \ud835\ude59\ud835\ude5e\ud835\ude68\ud835\ude58\ud835\ude56\ud835\ude65\ud835\ude56\ud835\ude58\ud835\ude5e\ud835\ude59\ud835\ude56\ud835\ude59, \ud835\ude59\ud835\ude64\ud835\ude63\ud835\ude59\ud835\ude5a \ud835\ude68\ud835\ude5a \ud835\ude67\ud835\ude5a\ud835\ude68\ud835\ude56\ud835\ude61\ud835\ude69\ud835\ude56 \ud835\ude5a\ud835\ude61 \ud835\ude67\ud835\ude5a\ud835\ude58\ud835\ude64\ud835\ude63\ud835\ude64\ud835\ude58\ud835\ude5e\ud835\ude62\ud835\ude5e\ud835\ude5a\ud835\ude63\ud835\ude69\ud835\ude64 \ud835\ude59\ud835\ude5a \ud835\ude68\ud835\ude6a\ud835\ude68 \ud835\ude59\ud835\ude5a\ud835\ude67\ud835\ude5a\ud835\ude58\ud835\ude5d\ud835\ude64\ud835\ude68 \ud835\ude5a \ud835\ude5e\ud835\ude63\ud835\ude58\ud835\ude61\ud835\ude6a\ud835\ude68\ud835\ude5e\ud835\ude64\u0301\ud835\ude63 \ud835\ude68\ud835\ude64\ud835\ude58\ud835\ude5e\ud835\ude56\ud835\ude61. En el Per\u00fa conmemoramos el D\u00eda Nacional de la Persona con Discapacidad, con la finalidad de reflexionar y tomar conciencia sobre los derechos, necesidades y oportunidades que tienen&#8230;<\/p>\n","protected":false},"author":5,"featured_media":7656,"comment_status":"closed","ping_status":"closed","sticky":false,"template":"","format":"image","meta":[],"categories":[80],"tags":[],"_links":{"self":[{"href":"https:\/\/www.munichilca.gob.pe\/site\/wp-json\/wp\/v2\/posts\/7618"}],"collection":[{"href":"https:\/\/www.munichilca.gob.pe\/site\/wp-json\/wp\/v2\/posts"}],"about":[{"href":"https:\/\/www.munichilca.gob.pe\/site\/wp-json\/wp\/v2\/types\/post"}],"author":[{"embeddable":true,"href":"https:\/\/www.munichilca.gob.pe\/site\/wp-json\/wp\/v2\/users\/5"}],"replies":[{"embeddable":true,"href":"https:\/\/www.munichilca.gob.pe\/site\/wp-json\/wp\/v2\/comments?post=7618"}],"version-history":[{"count":2,"href":"https:\/\/www.munichilca.gob.pe\/site\/wp-json\/wp\/v2\/posts\/7618\/revisions"}],"predecessor-version":[{"id":7654,"href":"https:\/\/www.munichilca.gob.pe\/site\/wp-json\/wp\/v2\/posts\/7618\/revisions\/7654"}],"wp:featuredmedia":[{"embeddable":true,"href":"https:\/\/www.munichilca.gob.pe\/site\/wp-json\/wp\/v2\/media\/7656"}],"wp:attachment":[{"href":"https:\/\/www.munichilca.gob.pe\/site\/wp-json\/wp\/v2\/media?parent=7618"}],"wp:term":[{"taxonomy":"category","embeddable":true,"href":"https:\/\/www.munichilca.gob.pe\/site\/wp-json\/wp\/v2\/categories?post=7618"},{"taxonomy":"post_tag","embeddable":true,"href":"https:\/\/www.munichilca.gob.pe\/site\/wp-json\/wp\/v2\/tags?post=7618"}],"curies":[{"name":"wp","href":"https:\/\/api.w.org\/{rel}","templated":true}]}}