{"id":8811,"date":"2024-10-14T09:11:21","date_gmt":"2024-10-14T14:11:21","guid":{"rendered":"https:\/\/www.munichilca.gob.pe\/site\/?p=8811"},"modified":"2024-10-14T09:11:21","modified_gmt":"2024-10-14T14:11:21","slug":"mas-de-500-vecinos-se-beneficiaran-con-obra-de-pavimentacion-en-romancoto","status":"publish","type":"post","link":"https:\/\/www.munichilca.gob.pe\/site\/2024\/10\/14\/mas-de-500-vecinos-se-beneficiaran-con-obra-de-pavimentacion-en-romancoto\/","title":{"rendered":"M\u00c1S DE 500 VECINOS SE BENEFICIAR\u00c1N CON OBRA DE PAVIMENTACI\u00d3N EN ROMANCOTO"},"content":{"rendered":"<p>Con gran entusiasmo y expectativa, el alcalde del distrito de Chilca, C\u00e9sar Damas Laurente, junto a sus regidores y funcionarios municipales, coloc\u00f3 hoy la primera piedra que marca el inicio de la construcci\u00f3n de pistas y veredas en las calles 28 de Julio, Augusto B. Legu\u00eda, Jorge Basadre, Para\u00edso, Uni\u00f3n, Arequipa, y los pasajes Vega, C. Alegr\u00eda, Romancoto, Cocharcas, Andamayo, Los Incas, Gutarra y 14 de Febrero en el sector 8 y 9 de Romancoto.<br \/>\nEsta obra emblem\u00e1tica cuenta con una inversi\u00f3n total de S\/ 7,845,333.48 y ser\u00e1 ejecutada bajo la modalidad de administraci\u00f3n directa, beneficiando de manera directa a m\u00e1s de 500 familias de la zona.<br \/>\nEl evento comenz\u00f3 con la recepci\u00f3n del alcalde C\u00e9sar Damas y su comitiva, quienes fueron recibidos c\u00e1lidamente por los integrantes del Comit\u00e9 de Gesti\u00f3n y los vecinos de los sectores beneficiados. Juntos, recorrieron las cuadras donde se llevar\u00e1n a cabo los trabajos de pavimentaci\u00f3n, visualizando el futuro de una infraestructura que mejorar\u00e1 significativamente la calidad de vida de los pobladores.<br \/>\nDurante la ceremonia, el presidente del Comit\u00e9 de Gesti\u00f3n, Zacar\u00edas Romero, expres\u00f3 su profundo agradecimiento al alcalde y a todo el equipo municipal por hacer realidad el sue\u00f1o de los vecinos, quienes llevaban a\u00f1os esperando la construcci\u00f3n de pistas y veredas. &#8220;Hoy damos un paso hacia el progreso que tanto anhel\u00e1bamos&#8221;, manifest\u00f3 Romero con visible emoci\u00f3n.<br \/>\nPor su parte, el alcalde C\u00e9sar Damas destac\u00f3 la importancia del trabajo conjunto entre vecinos y autoridades, se\u00f1alando que &#8220;cuando la comunidad y sus representantes se unen, se pueden lograr grandes cosas&#8221;. Asimismo, reiter\u00f3 su compromiso de seguir gestionando obras que beneficien a todos los sectores del distrito de Chilca, promoviendo el desarrollo y bienestar de sus habitantes.<br \/>\nEsta obra no solo mejorar\u00e1 el tr\u00e1nsito vehicular y peatonal en la zona, sino que tambi\u00e9n contribuir\u00e1 a embellecer el entorno urbano, elevando la calidad de vida de los ciudadanos y fomentando un mayor dinamismo en la econom\u00eda local.<br \/>\nEl inicio de esta construcci\u00f3n representa un hito en el esfuerzo por dotar a Chilca de la infraestructura que merece y seguir avanzando hacia un distrito m\u00e1s moderno y pr\u00f3spero.<\/p>\n","protected":false},"excerpt":{"rendered":"<p>Con gran entusiasmo y expectativa, el alcalde del distrito de Chilca, C\u00e9sar Damas Laurente, junto a sus regidores y funcionarios municipales, coloc\u00f3 hoy la primera piedra que marca el inicio de la construcci\u00f3n de pistas y veredas en las calles 28 de Julio, Augusto B. Legu\u00eda, Jorge Basadre, Para\u00edso, Uni\u00f3n, Arequipa, y los pasajes Vega,&#8230;<\/p>\n","protected":false},"author":5,"featured_media":8812,"comment_status":"open","ping_status":"open","sticky":false,"template":"","format":"standard","meta":[],"categories":[80],"tags":[],"_links":{"self":[{"href":"https:\/\/www.munichilca.gob.pe\/site\/wp-json\/wp\/v2\/posts\/8811"}],"collection":[{"href":"https:\/\/www.munichilca.gob.pe\/site\/wp-json\/wp\/v2\/posts"}],"about":[{"href":"https:\/\/www.munichilca.gob.pe\/site\/wp-json\/wp\/v2\/types\/post"}],"author":[{"embeddable":true,"href":"https:\/\/www.munichilca.gob.pe\/site\/wp-json\/wp\/v2\/users\/5"}],"replies":[{"embeddable":true,"href":"https:\/\/www.munichilca.gob.pe\/site\/wp-json\/wp\/v2\/comments?post=8811"}],"version-history":[{"count":1,"href":"https:\/\/www.munichilca.gob.pe\/site\/wp-json\/wp\/v2\/posts\/8811\/revisions"}],"predecessor-version":[{"id":8813,"href":"https:\/\/www.munichilca.gob.pe\/site\/wp-json\/wp\/v2\/posts\/8811\/revisions\/8813"}],"wp:featuredmedia":[{"embeddable":true,"href":"https:\/\/www.munichilca.gob.pe\/site\/wp-json\/wp\/v2\/media\/8812"}],"wp:attachment":[{"href":"https:\/\/www.munichilca.gob.pe\/site\/wp-json\/wp\/v2\/media?parent=8811"}],"wp:term":[{"taxonomy":"category","embeddable":true,"href":"https:\/\/www.munichilca.gob.pe\/site\/wp-json\/wp\/v2\/categories?post=8811"},{"taxonomy":"post_tag","embeddable":true,"href":"https:\/\/www.munichilca.gob.pe\/site\/wp-json\/wp\/v2\/tags?post=8811"}],"curies":[{"name":"wp","href":"https:\/\/api.w.org\/{rel}","templated":true}]}}