{"id":8869,"date":"2024-10-17T08:46:41","date_gmt":"2024-10-17T13:46:41","guid":{"rendered":"https:\/\/www.munichilca.gob.pe\/site\/?p=8869"},"modified":"2024-10-17T08:46:41","modified_gmt":"2024-10-17T13:46:41","slug":"en-chilca-rinden-homenaje-a-personas-con-discapacidad","status":"publish","type":"post","link":"https:\/\/www.munichilca.gob.pe\/site\/2024\/10\/17\/en-chilca-rinden-homenaje-a-personas-con-discapacidad\/","title":{"rendered":"EN CHILCA RINDEN HOMENAJE A PERSONAS CON DISCAPACIDAD"},"content":{"rendered":"<p>Con motivo de conmemorar el D\u00eda Nacional de la Persona con Discapacidad, la Municipalidad Distrital de Chilca, a trav\u00e9s de la Gerencia de Desarrollo Social y el \u00c1rea de OMAPED, realiz\u00f3 un emotivo acto de reconocimiento a las personas con discapacidad. El evento cont\u00f3 con la presencia del alcalde del distrito, C\u00e9sar Damas, y m\u00e1s de 200 alumnos de la Instituci\u00f3n Educativa Jos\u00e9 Mar\u00eda Arguedas, junto a los representantes de las asociaciones de personas con discapacidad: Nuevo Horizonte, Los Heraldos de Chilca, Los Emprendedores y El Milagro.<br \/>\nLa jornada inici\u00f3 con un colorido pasacalle por la educaci\u00f3n inclusiva, protagonizado por los estudiantes de la I.E. Jos\u00e9 Mar\u00eda Arguedas y el Servicio de Apoyo Educativo Interno (SAEI). Los participantes recorrieron las principales calles del distrito, llevando un mensaje de inclusi\u00f3n y respeto a la diversidad. A su llegada, fueron recibidos por el alcalde, quien entreg\u00f3 resoluciones gerenciales a los representantes de las asociaciones de personas con discapacidad, as\u00ed como a los coordinadores de la ONG CMMB y el Centro de Salud de Chilca.<br \/>\nDurante el evento, la docente Zoila Beltr\u00e1n Lermo, de la I.E. Jos\u00e9 Mar\u00eda Arguedas, felicit\u00f3 al alcalde por su constante apoyo a la inclusi\u00f3n educativa y por su labor en la unificaci\u00f3n de las asociaciones que trabajan en beneficio de las personas con discapacidad.<br \/>\nPor su parte, el alcalde C\u00e9sar Damas reafirm\u00f3 su compromiso de seguir trabajando para mejorar la calidad de vida de las personas con discapacidad, impulsando el acceso a trabajos dignos, igualdad y equiparaci\u00f3n de oportunidades. \u201cNuestro objetivo es que nadie se quede atr\u00e1s. Continuaremos trabajando para construir una Chilca inclusiva y accesible para todos\u201d, destac\u00f3.<br \/>\nAl finalizar la ceremonia, los asistentes compartieron un almuerzo ofrecido por la Gerencia de Desarrollo Social, adem\u00e1s de recibir presentes como muestra de gratitud por su participaci\u00f3n y esfuerzo en la lucha por la igualdad de derechos.<\/p>\n","protected":false},"excerpt":{"rendered":"<p>Con motivo de conmemorar el D\u00eda Nacional de la Persona con Discapacidad, la Municipalidad Distrital de Chilca, a trav\u00e9s de la Gerencia de Desarrollo Social y el \u00c1rea de OMAPED, realiz\u00f3 un emotivo acto de reconocimiento a las personas con discapacidad. El evento cont\u00f3 con la presencia del alcalde del distrito, C\u00e9sar Damas, y m\u00e1s&#8230;<\/p>\n","protected":false},"author":5,"featured_media":8870,"comment_status":"open","ping_status":"open","sticky":false,"template":"","format":"standard","meta":[],"categories":[80],"tags":[],"_links":{"self":[{"href":"https:\/\/www.munichilca.gob.pe\/site\/wp-json\/wp\/v2\/posts\/8869"}],"collection":[{"href":"https:\/\/www.munichilca.gob.pe\/site\/wp-json\/wp\/v2\/posts"}],"about":[{"href":"https:\/\/www.munichilca.gob.pe\/site\/wp-json\/wp\/v2\/types\/post"}],"author":[{"embeddable":true,"href":"https:\/\/www.munichilca.gob.pe\/site\/wp-json\/wp\/v2\/users\/5"}],"replies":[{"embeddable":true,"href":"https:\/\/www.munichilca.gob.pe\/site\/wp-json\/wp\/v2\/comments?post=8869"}],"version-history":[{"count":1,"href":"https:\/\/www.munichilca.gob.pe\/site\/wp-json\/wp\/v2\/posts\/8869\/revisions"}],"predecessor-version":[{"id":8871,"href":"https:\/\/www.munichilca.gob.pe\/site\/wp-json\/wp\/v2\/posts\/8869\/revisions\/8871"}],"wp:featuredmedia":[{"embeddable":true,"href":"https:\/\/www.munichilca.gob.pe\/site\/wp-json\/wp\/v2\/media\/8870"}],"wp:attachment":[{"href":"https:\/\/www.munichilca.gob.pe\/site\/wp-json\/wp\/v2\/media?parent=8869"}],"wp:term":[{"taxonomy":"category","embeddable":true,"href":"https:\/\/www.munichilca.gob.pe\/site\/wp-json\/wp\/v2\/categories?post=8869"},{"taxonomy":"post_tag","embeddable":true,"href":"https:\/\/www.munichilca.gob.pe\/site\/wp-json\/wp\/v2\/tags?post=8869"}],"curies":[{"name":"wp","href":"https:\/\/api.w.org\/{rel}","templated":true}]}}