{"id":8895,"date":"2024-10-22T15:22:58","date_gmt":"2024-10-22T20:22:58","guid":{"rendered":"https:\/\/www.munichilca.gob.pe\/site\/?p=8895"},"modified":"2024-10-22T15:22:58","modified_gmt":"2024-10-22T20:22:58","slug":"la-omaped-de-chilca-ayuda-a-certificar-a-personas-con-discapacidad","status":"publish","type":"post","link":"https:\/\/www.munichilca.gob.pe\/site\/2024\/10\/22\/la-omaped-de-chilca-ayuda-a-certificar-a-personas-con-discapacidad\/","title":{"rendered":"LA OMAPED DE CHILCA AYUDA A CERTIFICAR A PERSONAS CON DISCAPACIDAD"},"content":{"rendered":"<p>En un esfuerzo articulado para apoyar a la poblaci\u00f3n con discapacidad, la Oficina Municipal de Atenci\u00f3n a Personas con Discapacidad (OMAPED) de la Municipalidad Distrital de Chilca, en colaboraci\u00f3n con la Red de Salud del Valle del Mantaro, la Direcci\u00f3n Regional de Salud (DIRESA) y el Consejo Nacional para la Integraci\u00f3n de la Persona con Discapacidad (CONADIS), llev\u00f3 a cabo la certificaci\u00f3n de m\u00e1s de 20 personas con discapacidad. Esta actividad se desarroll\u00f3 en el Centro de Salud de Auray, beneficiando a los vecinos del distrito.<br \/>\nAdely Quinte Galv\u00e1n, responsable de la OMAPED, destac\u00f3 que este trabajo conjunto continuar\u00e1 durante el a\u00f1o, con el objetivo de garantizar que m\u00e1s personas puedan acceder a la certificaci\u00f3n de discapacidad. Hasta la fecha, ya se ha logrado certificar a 180 personas con la acreditaci\u00f3n de CONADIS, lo que les permite acceder a importantes beneficios del Estado.<br \/>\nPor su parte, la m\u00e9dico a cargo del Centro de Salud de Auray, Isabel Carhuamaca Loardo, felicit\u00f3 a la Municipalidad por su apoyo a las personas con discapacidad, asegurando que la certificaci\u00f3n es un paso esencial para que estas personas puedan ser reconocidas y puedan recibir los beneficios correspondientes.<br \/>\nLas personas que quieran asistir a las pr\u00f3ximas campa\u00f1as, deben acercarse al \u00e1rea de (OMAPED) de la gerencia de desarrollo social, portando la copia de su Documento Nacional de Identidad (DNI), copia de afiliaci\u00f3n al Sistema Integral de Salud (SIS) y un informe m\u00e9dico simple.<br \/>\nCon este tipo de acciones, la Municipalidad Distrital de Chilca reafirma su compromiso con la inclusi\u00f3n y el bienestar de todos los ciudadanos, promoviendo una sociedad m\u00e1s justa y solidaria.<\/p>\n","protected":false},"excerpt":{"rendered":"<p>En un esfuerzo articulado para apoyar a la poblaci\u00f3n con discapacidad, la Oficina Municipal de Atenci\u00f3n a Personas con Discapacidad (OMAPED) de la Municipalidad Distrital de Chilca, en colaboraci\u00f3n con la Red de Salud del Valle del Mantaro, la Direcci\u00f3n Regional de Salud (DIRESA) y el Consejo Nacional para la Integraci\u00f3n de la Persona con&#8230;<\/p>\n","protected":false},"author":5,"featured_media":8896,"comment_status":"open","ping_status":"open","sticky":false,"template":"","format":"standard","meta":[],"categories":[80],"tags":[],"_links":{"self":[{"href":"https:\/\/www.munichilca.gob.pe\/site\/wp-json\/wp\/v2\/posts\/8895"}],"collection":[{"href":"https:\/\/www.munichilca.gob.pe\/site\/wp-json\/wp\/v2\/posts"}],"about":[{"href":"https:\/\/www.munichilca.gob.pe\/site\/wp-json\/wp\/v2\/types\/post"}],"author":[{"embeddable":true,"href":"https:\/\/www.munichilca.gob.pe\/site\/wp-json\/wp\/v2\/users\/5"}],"replies":[{"embeddable":true,"href":"https:\/\/www.munichilca.gob.pe\/site\/wp-json\/wp\/v2\/comments?post=8895"}],"version-history":[{"count":1,"href":"https:\/\/www.munichilca.gob.pe\/site\/wp-json\/wp\/v2\/posts\/8895\/revisions"}],"predecessor-version":[{"id":8897,"href":"https:\/\/www.munichilca.gob.pe\/site\/wp-json\/wp\/v2\/posts\/8895\/revisions\/8897"}],"wp:featuredmedia":[{"embeddable":true,"href":"https:\/\/www.munichilca.gob.pe\/site\/wp-json\/wp\/v2\/media\/8896"}],"wp:attachment":[{"href":"https:\/\/www.munichilca.gob.pe\/site\/wp-json\/wp\/v2\/media?parent=8895"}],"wp:term":[{"taxonomy":"category","embeddable":true,"href":"https:\/\/www.munichilca.gob.pe\/site\/wp-json\/wp\/v2\/categories?post=8895"},{"taxonomy":"post_tag","embeddable":true,"href":"https:\/\/www.munichilca.gob.pe\/site\/wp-json\/wp\/v2\/tags?post=8895"}],"curies":[{"name":"wp","href":"https:\/\/api.w.org\/{rel}","templated":true}]}}